{"id":113020,"date":"2025-12-21T17:12:08","date_gmt":"2025-12-21T17:12:08","guid":{"rendered":"https:\/\/www.europesays.com\/se\/113020\/"},"modified":"2025-12-21T17:12:08","modified_gmt":"2025-12-21T17:12:08","slug":"anstalld-pa-elyseepalatset-stal-for-40-000-euro","status":"publish","type":"post","link":"https:\/\/www.europesays.com\/se\/113020\/","title":{"rendered":"Anst\u00e4lld p\u00e5 \u00c9lys\u00e9epalatset stal f\u00f6r 40\u00a0000 euro"},"content":{"rendered":"<p>En anst\u00e4lld p\u00e5 Frankrikes presidentbostad \u00c9lys\u00e9epalatset har gripits misst\u00e4nkt f\u00f6r att ha stulit bland annat silver och porslin till ett v\u00e4rde av 40\u202f000 euro, motsvarande 436\u202f000 kronor. Det rapporterar AP.<\/p>\n<p>Mannen och tv\u00e5 medhj\u00e4lpare greps f\u00f6rra veckan efter att ha f\u00f6rs\u00f6kt s\u00e4lja f\u00f6rem\u00e5len p\u00e5 auktionssajter som Vinted.<\/p>\n<p>St\u00f6lderna uppdagades n\u00e4r personal p\u00e5 den anrika porslinsfabriken S\u00e8vres, som \u00e4gs av franska staten sedan 1759 och f\u00f6rser \u00c9lys\u00e9epalatset med porslin, k\u00e4nde igen dyrgriparna p\u00e5 n\u00e4tet.<\/p>\n<p>Polisen hittade \u00f6ver 100 f\u00f6rem\u00e5l i den huvudmisst\u00e4nktes hem, bil och kl\u00e4dsk\u00e5p. F\u00f6rutom S\u00e8vresporslin \u00e5terfanns en Ren\u00e9 Lalique-statyett, Baccarat-champagneglas och kopparkastruller.<\/p>\n<p>Omni \u00e4r politiskt obundna och oberoende. Vi str\u00e4var efter att ge fler perspektiv p\u00e5 nyheterna. Har du fr\u00e5gor eller synpunkter kring v\u00e5r rapportering? <a href=\"https:\/\/omni.se\/anstalld-pa-elyseepalatset-stal-for-40000-euro\/a\/mailto:redaktion@omni.se\" class=\"ArticleActions_contactLink__W2F1M\" rel=\"nofollow noopener\" target=\"_blank\">Kontakta redaktionen<\/a><\/p>\n","protected":false},"excerpt":{"rendered":"En anst\u00e4lld p\u00e5 Frankrikes presidentbostad \u00c9lys\u00e9epalatset har gripits misst\u00e4nkt f\u00f6r att ha stulit bland annat silver och porslin&hellip;\n","protected":false},"author":2,"featured_media":113021,"comment_status":"","ping_status":"","sticky":false,"template":"","format":"standard","meta":{"footnotes":""},"categories":[14],"tags":[22,23,267,26,27,266,17,21,24,25,28,29,15,16,18,34,31,33,32,30,19,20,51,52,53,54],"class_list":{"0":"post-113020","1":"post","2":"type-post","3":"status-publish","4":"format-standard","5":"has-post-thumbnail","7":"category-varlden","8":"tag-breaking-news","9":"tag-breakingnews","10":"tag-europa","11":"tag-featured-news","12":"tag-featurednews","13":"tag-frankrike","14":"tag-headlines","15":"tag-huvudnyheter","16":"tag-latest-news","17":"tag-latestnews","18":"tag-main-news","19":"tag-mainnews","20":"tag-news","21":"tag-nyheter","22":"tag-rubriker","23":"tag-se","24":"tag-svenska","25":"tag-sverige","26":"tag-sweden","27":"tag-swedish","28":"tag-top-stories","29":"tag-topstories","30":"tag-varlden","31":"tag-world","32":"tag-world-news","33":"tag-worldnews"},"share_on_mastodon":{"url":"https:\/\/pubeurope.com\/@se\/115758677539475643","error":""},"_links":{"self":[{"href":"https:\/\/www.europesays.com\/se\/wp-json\/wp\/v2\/posts\/113020","targetHints":{"allow":["GET"]}}],"collection":[{"href":"https:\/\/www.europesays.com\/se\/wp-json\/wp\/v2\/posts"}],"about":[{"href":"https:\/\/www.europesays.com\/se\/wp-json\/wp\/v2\/types\/post"}],"author":[{"embeddable":true,"href":"https:\/\/www.europesays.com\/se\/wp-json\/wp\/v2\/users\/2"}],"replies":[{"embeddable":true,"href":"https:\/\/www.europesays.com\/se\/wp-json\/wp\/v2\/comments?post=113020"}],"version-history":[{"count":0,"href":"https:\/\/www.europesays.com\/se\/wp-json\/wp\/v2\/posts\/113020\/revisions"}],"wp:featuredmedia":[{"embeddable":true,"href":"https:\/\/www.europesays.com\/se\/wp-json\/wp\/v2\/media\/113021"}],"wp:attachment":[{"href":"https:\/\/www.europesays.com\/se\/wp-json\/wp\/v2\/media?parent=113020"}],"wp:term":[{"taxonomy":"category","embeddable":true,"href":"https:\/\/www.europesays.com\/se\/wp-json\/wp\/v2\/categories?post=113020"},{"taxonomy":"post_tag","embeddable":true,"href":"https:\/\/www.europesays.com\/se\/wp-json\/wp\/v2\/tags?post=113020"}],"curies":[{"name":"wp","href":"https:\/\/api.w.org\/{rel}","templated":true}]}}