{"id":113022,"date":"2025-12-21T17:14:20","date_gmt":"2025-12-21T17:14:20","guid":{"rendered":"https:\/\/www.europesays.com\/se\/113022\/"},"modified":"2025-12-21T17:14:20","modified_gmt":"2025-12-21T17:14:20","slug":"gyokeres-hjalte-for-arsenal-premier-league","status":"publish","type":"post","link":"https:\/\/www.europesays.com\/se\/113022\/","title":{"rendered":"Gy\u00f6keres hj\u00e4lte f\u00f6r Arsenal &#8211; Premier League"},"content":{"rendered":"<p>Arsenal bortaspelade under l\u00f6rdagen mot Everton i Premier League. Svensken Viktor Gy\u00f6keres inledde \u00e5ter fr\u00e5n start f\u00f6r London-laget och hamnade i hetluften direkt, d\u00e5 han i mitten av f\u00f6rsta halvlek ropade efter en straff.  <\/p>\n<p>Gy\u00f6keres f\u00f6ll i en duell med Jake O&#8217;Brien p\u00e5 ett inspel och gestikulerade sedan om att f\u00e5 med sig en elvametersspark, men utan resultat. <\/p>\n<p>&#8211; Gy\u00f6keres kan inte tro det och det kan inte heller hans lagkamrater (att Arsenal inte fick med sig en straff), sa Sky Sports-reportern Sam Blitz. <\/p>\n<p>P\u00e5 en efterf\u00f6ljande h\u00f6rna var O&#8217;Brien i rampljuset igen, d\u00e5 han st\u00f6tte undan bollen med sina h\u00e4nder h\u00f6gt uppe i luften i eget straffomr\u00e5de, vilket resulterade i en straffspark f\u00f6r bortalaget. <\/p>\n<p>Gy\u00f6keres fick l\u00e4gga straffen och gick p\u00e5 kraft till 1-0 efter 27 minuters spel. Det var hans f\u00f6rsta fulltr\u00e4ff sedan i b\u00f6rjan av november. <\/p>\n<p>&#8211; Om du \u00e4r os\u00e4ker, skjut h\u00e5rt. Han dunkade den i n\u00e4t. Man kunde se hans nervositet i hans ansiktsuttryck innan dess, sa Sky Sports-experten Alan Smith.<\/p>\n<p>&#8211; Viktigt m\u00e5l f\u00f6r Gy\u00f6keres, d\u00e5 tvivlarna b\u00f6rjat v\u00e4xa. Saka (Bukayo) \u00e4r normalt sett Arsenals straffl\u00e4ggare, men Gy\u00f6keres har f\u00e5tt ett m\u00e5l av sina lagkamrater f\u00f6r att st\u00e4rka sj\u00e4lvf\u00f6rtroendet. Man kunde k\u00e4nna ilskan i hur Gy\u00f6keres slog till. Kanske har en del av kritiken b\u00f6rjat n\u00e5 honom, sa Blitz. <\/p>\n<p>Arsenal sl\u00e4ppte till flera chanser i b\u00f6rjan av andra halvlek, d\u00e5 Everton jagade ett kvitteringsm\u00e5l. Forwarden Thierno Barry ropade efter straff tv\u00e5 g\u00e5nger om, men utan att f\u00e5 med sig n\u00e5got av domaren. Arsenal skapade i sin tur ocks\u00e5 l\u00e4gen och i mitten av andra halvlek sk\u00f6t Leandro Trossard i stolpen. <\/p>\n<p>Gy\u00f6keres blev i sin tur utbytt efter 64 minuters spel.<\/p>\n<p>&#8211; Gy\u00f6keres var b\u00e4ttre i kv\u00e4ll. Lite mer av honom i \u00f6ppet spel efter n\u00e5gra lugna inhopp och fem matcher utan m\u00e5l, sa Blitz efter bytet. <\/p>\n<p>Arsenal vann till slut med 1-0 och toppar \u00e5ter Premier League. London-klubben har tv\u00e5 po\u00e4ng ner till Manchester City p\u00e5 andra plats i ligan. <\/p>\n<p>Gy\u00f6keres \u00e4r efter\u00e5t glad \u00f6ver att han fick ta straffen och g\u00f6ra m\u00e5l.<\/p>\n<p>&#8211; Det finns n\u00e5gra som kan ta dem (straffar), men den h\u00e4r g\u00e5ngen var det jag som tog den. Det var viktigt att g\u00f6ra det d\u00e4r m\u00e5let. Det var sk\u00f6nt, s\u00e4ger han till Sky Sports och forts\u00e4tter:<\/p>\n<p>&#8211; Man vill alltid g\u00f6ra m\u00e5l. Det \u00e4r den stora delen i varje match. Det \u00e4r allt f\u00f6r anfallare. Vi kunde ha gjort fler m\u00e5l, men det viktigaste \u00e4r att vi vann matchen.<\/p>\n<p>&#8211; Jag f\u00f6rs\u00f6ker alltid g\u00f6ra mitt b\u00e4sta p\u00e5 planen. Man m\u00e5ste l\u00e4ra k\u00e4nna systemet kring hur man spelar, l\u00e4ra k\u00e4nna rollen och anpassa sig till den. Vi har en bra position i ligan och i Champions League. Vi ska forts\u00e4tta s\u00e5 h\u00e4r. <\/p>\n<p>P\u00e5 Arsenals X-konto skickar Gy\u00f6keres \u00e4ven en h\u00e4lsning till klubbens supportrar.<\/p>\n<p>&#8211; Hej alla, Viktor h\u00e4r. Tack f\u00f6r det fantastiska st\u00f6det i dag. Viktig seger i en tuff match. Vi ses igen snart, s\u00e4ger svensken. <\/p>\n<p><strong>Startelvor:<\/strong><\/p>\n<p><strong>Everton: <\/strong>Pickford &#8211; O&#8217;Brien, Tarkowski, Keane, Mykolenko &#8211; Garner, Iroegbunam &#8211; McNeil, Alcaraz, Grealish &#8211; Barry.<\/p>\n<p><strong>Arsenal:<\/strong> Raya &#8211; Timber, Saliba, Hincapie, Calafiori &#8211; Rice, Zubimendi, \u00d8degaard &#8211; Saka, Gy\u00f6keres, Trossard. <\/p>\n<p>Mer fr\u00e5n Everton-Arsenal<\/p>\n","protected":false},"excerpt":{"rendered":"Arsenal bortaspelade under l\u00f6rdagen mot Everton i Premier League. Svensken Viktor Gy\u00f6keres inledde \u00e5ter fr\u00e5n start f\u00f6r London-laget&hellip;\n","protected":false},"author":2,"featured_media":113023,"comment_status":"","ping_status":"","sticky":false,"template":"","format":"standard","meta":{"footnotes":""},"categories":[5],"tags":[22,23,26,27,17,21,24,25,28,29,15,16,18,34,31,33,32,30,19,20],"class_list":{"0":"post-113022","1":"post","2":"type-post","3":"status-publish","4":"format-standard","5":"has-post-thumbnail","7":"category-rubriker","8":"tag-breaking-news","9":"tag-breakingnews","10":"tag-featured-news","11":"tag-featurednews","12":"tag-headlines","13":"tag-huvudnyheter","14":"tag-latest-news","15":"tag-latestnews","16":"tag-main-news","17":"tag-mainnews","18":"tag-news","19":"tag-nyheter","20":"tag-rubriker","21":"tag-se","22":"tag-svenska","23":"tag-sverige","24":"tag-sweden","25":"tag-swedish","26":"tag-top-stories","27":"tag-topstories"},"share_on_mastodon":{"url":"https:\/\/pubeurope.com\/@se\/115758685426720090","error":""},"_links":{"self":[{"href":"https:\/\/www.europesays.com\/se\/wp-json\/wp\/v2\/posts\/113022","targetHints":{"allow":["GET"]}}],"collection":[{"href":"https:\/\/www.europesays.com\/se\/wp-json\/wp\/v2\/posts"}],"about":[{"href":"https:\/\/www.europesays.com\/se\/wp-json\/wp\/v2\/types\/post"}],"author":[{"embeddable":true,"href":"https:\/\/www.europesays.com\/se\/wp-json\/wp\/v2\/users\/2"}],"replies":[{"embeddable":true,"href":"https:\/\/www.europesays.com\/se\/wp-json\/wp\/v2\/comments?post=113022"}],"version-history":[{"count":0,"href":"https:\/\/www.europesays.com\/se\/wp-json\/wp\/v2\/posts\/113022\/revisions"}],"wp:featuredmedia":[{"embeddable":true,"href":"https:\/\/www.europesays.com\/se\/wp-json\/wp\/v2\/media\/113023"}],"wp:attachment":[{"href":"https:\/\/www.europesays.com\/se\/wp-json\/wp\/v2\/media?parent=113022"}],"wp:term":[{"taxonomy":"category","embeddable":true,"href":"https:\/\/www.europesays.com\/se\/wp-json\/wp\/v2\/categories?post=113022"},{"taxonomy":"post_tag","embeddable":true,"href":"https:\/\/www.europesays.com\/se\/wp-json\/wp\/v2\/tags?post=113022"}],"curies":[{"name":"wp","href":"https:\/\/api.w.org\/{rel}","templated":true}]}}