{"id":113024,"date":"2025-12-21T17:16:30","date_gmt":"2025-12-21T17:16:30","guid":{"rendered":"https:\/\/www.europesays.com\/se\/113024\/"},"modified":"2025-12-21T17:16:30","modified_gmt":"2025-12-21T17:16:30","slug":"duplantis-om-nya-livet-i-lyxlagenheten-planerna-for-familjen-vill-ha-barn","status":"publish","type":"post","link":"https:\/\/www.europesays.com\/se\/113024\/","title":{"rendered":"Duplantis om nya livet i lyxl\u00e4genheten \u2013 planerna f\u00f6r familjen: \u201dVill ha barn\u201d"},"content":{"rendered":"<p>I somras flyttade Armand Duplantis och f\u00e4stm\u00f6n Desir\u00e9 Inglander till en lyxl\u00e4genhet p\u00e5 \u00d6stermalm i Stockholm.\u00a0<\/p>\n<p>I en intervju med Expressen ber\u00e4ttar stavhoppstj\u00e4rnan om livet i sitt nya hem och familjeplanerna.<\/p>\n<p>\u2013 B\u00e5de jag och Desir\u00e9 vill ha barn, s\u00e4ger Duplantis.<\/p>\n<p><img   alt=\"\"\/><\/p>\n<p>Armand Duplantis och Desire Inglander.<\/p>\n<p>Foto: GAO JING \/ STELLA PICTURES<\/p>\n<p>\u00d6ppna bild i helsk\u00e4rm<\/p>\n<p>2025 blev ett sagolikt framg\u00e5ngs\u00e5r f\u00f6r <a href=\"https:\/\/www.expressen.se\/tagg\/person\/armand-duplantis\/\" class=\"\" rel=\"nofollow noopener\" target=\"_blank\">Armand Duplantis<\/a>.\u00a0<\/p>\n<p>26-\u00e5ringen satte hela fyra v\u00e4rldsrekord, det sista p\u00e5 ett sm\u00e5tt filmiskt vis i VM-finalen i Tokyo. Efter tv\u00e5 bra f\u00f6rs\u00f6k p\u00e5 6.30 satte sig Duplantis ner, samlade sig och levererade sen det perfekta hoppet \u00f6ver den nya v\u00e4rldsrekordsh\u00f6jden.\u00a0<\/p>\n<p>Han firade segern l\u00e5ngt in p\u00e5 sm\u00e5timmarna i den japanska natten och unnade sig d\u00e4refter en l\u00e4ngre semester tillsammans med familj, v\u00e4nner och f\u00e4stm\u00f6n Desir\u00e9 Inglander.\u00a0<\/p>\n<p>Senare p\u00e5 h\u00f6sten \u00e5terv\u00e4nde han till Sverige. Till sitt och Inglanders nya hem.\u00a0<\/p>\n<p>I somras kunde Expressen ber\u00e4tta att stj\u00e4rnparet flyttat till en ny lyxv\u00e5ning p\u00e5 \u00d6stermalm i Stockholm. L\u00e4genheten \u00e4r 148 kvadratmeter stor och \u00e4r v\u00e4rderad till omkring 20 miljoner kronor, enligt sajten Booli.\u00a0<\/p>\n<p>N\u00e4r Expressen tr\u00e4ffar paret p\u00e5 Arlanda, bara n\u00e5gon timme innan de reste till USA f\u00f6r Duplantis svensexa, julfirande och f\u00f6rs\u00e4songstr\u00e4ning avsl\u00f6jar Inglander att \u00d6stermalmsv\u00e5ningen varit deras hem sedan i somras.\u00a0<\/p>\n<p>\u2013 Vi har faktiskt bott d\u00e4r sen i juli. Det \u00e4r s\u00e5, s\u00e5 fint och mysigt. Vi trivs j\u00e4ttebra d\u00e4r, s\u00e4ger hon.\u00a0<\/p>\n<p>Tidigare bodde paret p\u00e5 Kungsholmen i Stockholm, s\u00e5 varf\u00f6r flyttade de?\u00a0<\/p>\n<p>Armand Duplantis flinar.\u00a0<\/p>\n<p>\u2013 Vi flyttade f\u00f6r att vi kunde, s\u00e4ger han.\u00a0<\/p>\n<p>\u2013 Det var typ d\u00e4rf\u00f6r. Sen k\u00e4ndes det som att det var dags f\u00f6r n\u00e5got nytt och testa p\u00e5 att bo i ett annat omr\u00e5de.\u00a0<\/p>\n<p>\u201dJag \u00e4lskar Stockholm\u201d<\/p>\n<p>Duplantis f\u00f6rsta bostad i Sverige var i Uppsala, dit han flyttade under 2020. Drygt tv\u00e5 \u00e5r senare flyttade han och Inglander ihop i Stockholm innan de nu bytte Kungsholmen mot \u00d6stermalm.\u00a0<\/p>\n<p>F\u00f6r Louisianaf\u00f6dde Duplantis har Stockholm blivit hans andra hem. \u00a0<\/p>\n<p>\u2013 Jag \u00e4lskar Stockholm, jag \u00e4lskar verkligen staden. S\u00e5 det \u00e4r najs att f\u00e5 se en lite annan del av den ocks\u00e5. Dessutom \u00e4r det ganska n\u00e4ra till Stockholms stadion med, vilket \u00e4r en ganska stor f\u00f6rdel. Nu har vi hunnit bo d\u00e4r ett tag och vi \u00e4lskar b\u00e5de l\u00e4genheten och omr\u00e5det. Det \u00e4r ett mysigt st\u00e4lle att bo p\u00e5.\u00a0<\/p>\n<p><img loading=\"lazy\"   alt=\"\"\/><\/p>\n<p>Strandv\u00e4gen p\u00e5 \u00d6stermalm i Stockholm.<\/p>\n<p>Foto: FREDRIK SANDBERG \/ TT NYHETSBYR\u00c5N<\/p>\n<p>\u00d6ppna bild i helsk\u00e4rm<\/p>\n<p>Han rycker l\u00e4tt p\u00e5 axlarna och putar lite med underl\u00e4ppen.\u00a0<\/p>\n<p>\u2013 Vi flyttade egentligen bara f\u00f6r att f\u00e5 n\u00e5got nytt och st\u00f6rre.\u00a0<\/p>\n<p>Den nya l\u00e4genheten kommer att bli parets f\u00f6rsta hem som \u00e4kta par. N\u00e4sta \u00e5r kommer Inglander och Duplantis gifta sig i s\u00f6dra Frankrike. Inglander har p\u00e5 Instagram visat upp att paret anlitat White Eden Weddings som enligt sen hemsida arrangerar \u201deleganta och of\u00f6rgl\u00f6mliga \u2018destinationsbr\u00f6llop\u2019 i s\u00f6dra Frankrike och Europa\u201d.\u00a0<\/p>\n<p>Annons<\/p>\n<p>Exakt n\u00e4r n\u00e4sta \u00e5r br\u00f6llopet g\u00e5r av stapeln vill ingen av huvudpersonerna avsl\u00f6ja.\u00a0<\/p>\n<p>N\u00e4r br\u00f6llopsklockorna ringt s\u00e5 \u00e4r det inte orimligt att t\u00e4nka p\u00e5 n\u00e4sta steg i relationen, n\u00e4mligen att ut\u00f6ka familjen. Duplantis erk\u00e4nner att tanken p\u00e5 att skaffa barn spelat in i k\u00f6pet av det nya hemmet.\u00a0<\/p>\n<p>\u2013 Det kan vara det med, man vet aldrig. Jag vill ha barn och Desir\u00e9 vill ha barn med. Vi \u00e4r p\u00e5 samma v\u00e5gl\u00e4ngd d\u00e4r, s\u00e4ger han och ler.\u00a0<\/p>\n<p>\u2013 Kanske inte just nu, men man vet aldrig.\u00a0<\/p>\n<p>\u00c4ndringen f\u00f6r att n\u00e5 fler v\u00e4rldsrekord<\/p>\n<p>Innan n\u00e5got av det blir aktuellt har Duplantis ett h\u00e5rt arbete som ska g\u00f6ras \u00f6ver vinterm\u00e5naderna. Hemma i barndomens Lafayette i Louisiana ligger 26-\u00e5ringen i h\u00e5rdtr\u00e4ning varje \u00e5r f\u00f6r att komma s\u00e5 v\u00e4l f\u00f6rberedd som m\u00f6jligt till s\u00e4songen som v\u00e4ntar.\u00a0<\/p>\n<p>Den h\u00e4r vintern \u00e4r lite annorlunda dock.\u00a0<\/p>\n<p>Efter att ha f\u00f6rb\u00e4ttrat sitt v\u00e4rldsrekord till 6.30 p\u00e5 VM i Tokyo s\u00e5 kommer det kr\u00e4vas n\u00e5got extra f\u00f6r att forts\u00e4tta, b\u00e5de bildligt och bokstavligt, h\u00f6ja ribban ytterligare kommande \u00e5r. Det vet Duplantis och hans f\u00f6r\u00e4ldrar med, s\u00e5 under vintern ska de experimentera med att ut\u00f6ka antalet steg han tar i sin ansats fr\u00e5n 20 till 22.\u00a0<\/p>\n<p><img loading=\"lazy\"   alt=\"\"\/><\/p>\n<p>Inglander och Duplantis efter VM-guldet i september.<\/p>\n<p>Foto: TOMAS SISK \/ STELLA PICTURES\/ZUMA PRESS ZUMA PRESS<\/p>\n<p>\u00d6ppna bild i helsk\u00e4rm<\/p>\n<p>Ingen annan i v\u00e4rldseliten tar s\u00e5 m\u00e5nga steg i ansatsen och enligt pappa Greg s\u00e5 kommer det inneb\u00e4ra att Duplantis kan hoppa med en st\u00f6rre stav \u2013 och d\u00e4rmed hoppa \u00e4nnu h\u00f6gre.\u00a0<\/p>\n<p>Pappa Greg tror och hoppas att det kan inneb\u00e4ra att sonens v\u00e4rldsrekord, med tiden, kan g\u00e5 fr\u00e5n 6.30 till 6.40.\u00a0<\/p>\n<p>Men om Duplantis \u00e4r redo f\u00f6r den \u00f6verg\u00e5ngen redan till s\u00e4songen 2026 \u00e5terst\u00e5r att se. Att ut\u00f6ka antalet steg i ansatsen kan inneb\u00e4ra problem d\u00e5 inte alla arenor har ansatsbanor som \u00e4r tillr\u00e4ckligt l\u00e5nga f\u00f6r att det ska g\u00e5. Dessutom f\u00f6r\u00e4ndras rytmen f\u00f6r Duplantis och han kan eventuellt tvingas till en ink\u00f6rningsperiod med \u2013 i alla fall f\u00f6r honom \u2013 s\u00e4mre resultat att v\u00e4nta innan det v\u00e4nder till n\u00e5got positivt igen.\u00a0<\/p>\n<p>Greg Duplantis s\u00e4ger dock att lagom till OS i Los Angeles 2028 s\u00e5 ska ansatsen vara 22 steg och oavsett hur m\u00e5nga steg ansatsen blir till n\u00e4sta \u00e5r s\u00e5 \u00e4r Armand Duplantis s\u00e4ker p\u00e5 att 2026 kommer bli ett v\u00e4ldigt bra \u00e5r, \u00e4ven rent sportsligt.\u00a0<\/p>\n<p>Den stora h\u00f6jdpunkten p\u00e5 \u00e5ret blir det nystartade Ultimate Championship i Budapest p\u00e5 h\u00f6sten. Friidrottens mest pengastinna t\u00e4vling n\u00e5gonsin.<\/p>\n<p>\u2013 Jag kommer g\u00f6ra n\u00e5got helt galet d\u00e4r, det lovar jag, s\u00e4ger han.\u00a0<\/p>\n<p><strong>L\u00c4S MER: <\/strong><a href=\"https:\/\/www.expressen.se\/sport\/friidrott\/mondo-duplantis-utsedd-till-arets-idrottare-av-bbc-igen\/\" class=\"\" rel=\"nofollow noopener\" target=\"_blank\">Mondo Duplantis utsedd till \u00e5rets idrottare av BBC igen<\/a><strong>L\u00c4S MER: <\/strong><a href=\"https:\/\/www.expressen.se\/sport\/friidrott\/hanas-av-duplantis-efter-fiaskot-en-tragedi\/\" class=\"\" rel=\"nofollow noopener\" target=\"_blank\">H\u00e5nas av Duplantis efter fiaskot: \u201dEn tragedi\u201d<\/a><img alt=\"\"\/>Ljudklippet gick inte att spela upp<\/p>\n<p>F\u00f6rs\u00f6k igen senare<\/p>\n","protected":false},"excerpt":{"rendered":"I somras flyttade Armand Duplantis och f\u00e4stm\u00f6n Desir\u00e9 Inglander till en lyxl\u00e4genhet p\u00e5 \u00d6stermalm i Stockholm.\u00a0 I en&hellip;\n","protected":false},"author":2,"featured_media":113025,"comment_status":"","ping_status":"","sticky":false,"template":"","format":"standard","meta":{"footnotes":""},"categories":[68],"tags":[835,34,811,111,110,31,33,32,30],"class_list":{"0":"post-113024","1":"post","2":"type-post","3":"status-publish","4":"format-standard","5":"has-post-thumbnail","7":"category-sport","8":"tag-person-armand-duplantis","9":"tag-se","10":"tag-sections-friidrott","11":"tag-sport","12":"tag-sports","13":"tag-svenska","14":"tag-sverige","15":"tag-sweden","16":"tag-swedish"},"share_on_mastodon":{"url":"https:\/\/pubeurope.com\/@se\/115758693382853767","error":""},"_links":{"self":[{"href":"https:\/\/www.europesays.com\/se\/wp-json\/wp\/v2\/posts\/113024","targetHints":{"allow":["GET"]}}],"collection":[{"href":"https:\/\/www.europesays.com\/se\/wp-json\/wp\/v2\/posts"}],"about":[{"href":"https:\/\/www.europesays.com\/se\/wp-json\/wp\/v2\/types\/post"}],"author":[{"embeddable":true,"href":"https:\/\/www.europesays.com\/se\/wp-json\/wp\/v2\/users\/2"}],"replies":[{"embeddable":true,"href":"https:\/\/www.europesays.com\/se\/wp-json\/wp\/v2\/comments?post=113024"}],"version-history":[{"count":0,"href":"https:\/\/www.europesays.com\/se\/wp-json\/wp\/v2\/posts\/113024\/revisions"}],"wp:featuredmedia":[{"embeddable":true,"href":"https:\/\/www.europesays.com\/se\/wp-json\/wp\/v2\/media\/113025"}],"wp:attachment":[{"href":"https:\/\/www.europesays.com\/se\/wp-json\/wp\/v2\/media?parent=113024"}],"wp:term":[{"taxonomy":"category","embeddable":true,"href":"https:\/\/www.europesays.com\/se\/wp-json\/wp\/v2\/categories?post=113024"},{"taxonomy":"post_tag","embeddable":true,"href":"https:\/\/www.europesays.com\/se\/wp-json\/wp\/v2\/tags?post=113024"}],"curies":[{"name":"wp","href":"https:\/\/api.w.org\/{rel}","templated":true}]}}