{"id":113030,"date":"2025-12-21T17:20:08","date_gmt":"2025-12-21T17:20:08","guid":{"rendered":"https:\/\/www.europesays.com\/se\/113030\/"},"modified":"2025-12-21T17:20:08","modified_gmt":"2025-12-21T17:20:08","slug":"frontalkrock-utanfor-vetlanda-tva-till-sjukhus","status":"publish","type":"post","link":"https:\/\/www.europesays.com\/se\/113030\/","title":{"rendered":"Frontalkrock utanf\u00f6r Vetlanda \u2013 tv\u00e5 till sjukhus"},"content":{"rendered":"<p>Tv\u00e5 personer har skadats i en frontalkrock utanf\u00f6r Vetlanda, rapporterar Vetlanda-Posten. B\u00e5da har f\u00f6rts till sjukhus och polisen uppger att skadel\u00e4get \u00e4r allvarligt. <\/p>\n<p>\u2013 Vi beh\u00f6ver hj\u00e4lpa en person ut ur bilen, s\u00e4ger r\u00e4ddningstj\u00e4nstens ledningsoperat\u00f6r till tidningen. <\/p>\n<p>Omni \u00e4r politiskt obundna och oberoende. Vi str\u00e4var efter att ge fler perspektiv p\u00e5 nyheterna. Har du fr\u00e5gor eller synpunkter kring v\u00e5r rapportering? <a href=\"https:\/\/omni.se\/frontalkrock-utanfor-vetlanda-flera-skadade\/a\/mailto:redaktion@omni.se\" class=\"ArticleActions_contactLink__W2F1M\" rel=\"nofollow noopener\" target=\"_blank\">Kontakta redaktionen<\/a><\/p>\n","protected":false},"excerpt":{"rendered":"Tv\u00e5 personer har skadats i en frontalkrock utanf\u00f6r Vetlanda, rapporterar Vetlanda-Posten. B\u00e5da har f\u00f6rts till sjukhus och polisen&hellip;\n","protected":false},"author":2,"featured_media":113031,"comment_status":"","ping_status":"","sticky":false,"template":"","format":"standard","meta":{"footnotes":""},"categories":[14],"tags":[22,23,26,27,17,21,560,24,25,28,29,15,16,18,34,31,33,32,30,19,20,51,12357,52,53,54],"class_list":{"0":"post-113030","1":"post","2":"type-post","3":"status-publish","4":"format-standard","5":"has-post-thumbnail","7":"category-varlden","8":"tag-breaking-news","9":"tag-breakingnews","10":"tag-featured-news","11":"tag-featurednews","12":"tag-headlines","13":"tag-huvudnyheter","14":"tag-jonkopings-lan","15":"tag-latest-news","16":"tag-latestnews","17":"tag-main-news","18":"tag-mainnews","19":"tag-news","20":"tag-nyheter","21":"tag-rubriker","22":"tag-se","23":"tag-svenska","24":"tag-sverige","25":"tag-sweden","26":"tag-swedish","27":"tag-top-stories","28":"tag-topstories","29":"tag-varlden","30":"tag-vetlanda","31":"tag-world","32":"tag-world-news","33":"tag-worldnews"},"share_on_mastodon":{"url":"https:\/\/pubeurope.com\/@se\/115758709037407726","error":""},"_links":{"self":[{"href":"https:\/\/www.europesays.com\/se\/wp-json\/wp\/v2\/posts\/113030","targetHints":{"allow":["GET"]}}],"collection":[{"href":"https:\/\/www.europesays.com\/se\/wp-json\/wp\/v2\/posts"}],"about":[{"href":"https:\/\/www.europesays.com\/se\/wp-json\/wp\/v2\/types\/post"}],"author":[{"embeddable":true,"href":"https:\/\/www.europesays.com\/se\/wp-json\/wp\/v2\/users\/2"}],"replies":[{"embeddable":true,"href":"https:\/\/www.europesays.com\/se\/wp-json\/wp\/v2\/comments?post=113030"}],"version-history":[{"count":0,"href":"https:\/\/www.europesays.com\/se\/wp-json\/wp\/v2\/posts\/113030\/revisions"}],"wp:featuredmedia":[{"embeddable":true,"href":"https:\/\/www.europesays.com\/se\/wp-json\/wp\/v2\/media\/113031"}],"wp:attachment":[{"href":"https:\/\/www.europesays.com\/se\/wp-json\/wp\/v2\/media?parent=113030"}],"wp:term":[{"taxonomy":"category","embeddable":true,"href":"https:\/\/www.europesays.com\/se\/wp-json\/wp\/v2\/categories?post=113030"},{"taxonomy":"post_tag","embeddable":true,"href":"https:\/\/www.europesays.com\/se\/wp-json\/wp\/v2\/tags?post=113030"}],"curies":[{"name":"wp","href":"https:\/\/api.w.org\/{rel}","templated":true}]}}