{"id":113038,"date":"2025-12-21T17:27:23","date_gmt":"2025-12-21T17:27:23","guid":{"rendered":"https:\/\/www.europesays.com\/se\/113038\/"},"modified":"2025-12-21T17:27:23","modified_gmt":"2025-12-21T17:27:23","slug":"magnusson-bernard-tackar-agarstyrning-for-fin-utveckling","status":"publish","type":"post","link":"https:\/\/www.europesays.com\/se\/113038\/","title":{"rendered":"Magnusson Bernard tackar \u00e4garstyrning f\u00f6r fin utveckling"},"content":{"rendered":"<p>Om F\u00f6rsta AP-fonden och andra institutioner hade varit passiva, s\u00e5 hade portf\u00f6ljbolagen inte f\u00e5tt samma fina utveckling. Den bed\u00f6mningen g\u00f6r Kristin Magnusson Bernard i en DI-inter\u2026<\/p>\n<p>Omni \u00e4r politiskt obundna och oberoende. Vi str\u00e4var efter att ge fler perspektiv p\u00e5 nyheterna. Har du fr\u00e5gor eller synpunkter kring v\u00e5r rapportering? <a href=\"https:\/\/omniekonomi.se\/magnusson-bernard-tackar-agarstyrning-for-fin-utveckling\/a\/mailto:eko@omni.se\" class=\"ArticleActions_contactLink__W2F1M\" rel=\"nofollow noopener\" target=\"_blank\">Kontakta redaktionen<\/a><\/p>\n","protected":false},"excerpt":{"rendered":"Om F\u00f6rsta AP-fonden och andra institutioner hade varit passiva, s\u00e5 hade portf\u00f6ljbolagen inte f\u00e5tt samma fina utveckling. Den&hellip;\n","protected":false},"author":2,"featured_media":113039,"comment_status":"","ping_status":"","sticky":false,"template":"","format":"standard","meta":{"footnotes":""},"categories":[65],"tags":[1695,338,72,70,71,339,5040,3884,11899,34,31,33,32,30],"class_list":{"0":"post-113038","1":"post","2":"type-post","3":"status-publish","4":"format-standard","5":"has-post-thumbnail","7":"category-ekonomi","8":"tag-ap-fonderna","9":"tag-bank","10":"tag-business","11":"tag-economy","12":"tag-ekonomi","13":"tag-finans-forsakring","14":"tag-fonder","15":"tag-investment-riskkapital","16":"tag-kristin-magnusson-bernard","17":"tag-se","18":"tag-svenska","19":"tag-sverige","20":"tag-sweden","21":"tag-swedish"},"share_on_mastodon":{"url":"https:\/\/pubeurope.com\/@se\/115758736668539223","error":""},"_links":{"self":[{"href":"https:\/\/www.europesays.com\/se\/wp-json\/wp\/v2\/posts\/113038","targetHints":{"allow":["GET"]}}],"collection":[{"href":"https:\/\/www.europesays.com\/se\/wp-json\/wp\/v2\/posts"}],"about":[{"href":"https:\/\/www.europesays.com\/se\/wp-json\/wp\/v2\/types\/post"}],"author":[{"embeddable":true,"href":"https:\/\/www.europesays.com\/se\/wp-json\/wp\/v2\/users\/2"}],"replies":[{"embeddable":true,"href":"https:\/\/www.europesays.com\/se\/wp-json\/wp\/v2\/comments?post=113038"}],"version-history":[{"count":0,"href":"https:\/\/www.europesays.com\/se\/wp-json\/wp\/v2\/posts\/113038\/revisions"}],"wp:featuredmedia":[{"embeddable":true,"href":"https:\/\/www.europesays.com\/se\/wp-json\/wp\/v2\/media\/113039"}],"wp:attachment":[{"href":"https:\/\/www.europesays.com\/se\/wp-json\/wp\/v2\/media?parent=113038"}],"wp:term":[{"taxonomy":"category","embeddable":true,"href":"https:\/\/www.europesays.com\/se\/wp-json\/wp\/v2\/categories?post=113038"},{"taxonomy":"post_tag","embeddable":true,"href":"https:\/\/www.europesays.com\/se\/wp-json\/wp\/v2\/tags?post=113038"}],"curies":[{"name":"wp","href":"https:\/\/api.w.org\/{rel}","templated":true}]}}