{"id":113040,"date":"2025-12-21T17:28:19","date_gmt":"2025-12-21T17:28:19","guid":{"rendered":"https:\/\/www.europesays.com\/se\/113040\/"},"modified":"2025-12-21T17:28:19","modified_gmt":"2025-12-21T17:28:19","slug":"israel-overvager-nya-attacker-mot-iran","status":"publish","type":"post","link":"https:\/\/www.europesays.com\/se\/113040\/","title":{"rendered":"Israel \u00f6verv\u00e4ger nya attacker mot Iran"},"content":{"rendered":"<p>Israels premi\u00e4rminister Benjamin Netanyahu planerar att dela nya attackplaner mot Iran med Donald Trump, uppger flera k\u00e4llor f\u00f6r NBC News.<\/p>\n<p>Israeliska myndigheter uppges ha blivit allt oroligare f\u00f6r att Iran expanderar sitt ballistiska robotprogram och \u00e5terst\u00e4ller de anl\u00e4ggningar f\u00f6r urananrikning som bombades tidigare i \u00e5r.<\/p>\n<p>Trump och Netanyahu ska m\u00f6tas p\u00e5 Mar-a-Lago innan \u00e5rsskiftet. D\u00e5 v\u00e4ntas Netanyahu f\u00f6rs\u00f6ka \u00f6vertala Trump att hotet fr\u00e5n Iran kr\u00e4ver handling, enligt k\u00e4llorna.<\/p>\n<p>Omni \u00e4r politiskt obundna och oberoende. Vi str\u00e4var efter att ge fler perspektiv p\u00e5 nyheterna. Har du fr\u00e5gor eller synpunkter kring v\u00e5r rapportering? <a href=\"https:\/\/omni.se\/uppgift-israel-overvager-nya-attacker-mot-iran\/a\/mailto:redaktion@omni.se\" class=\"ArticleActions_contactLink__W2F1M\" rel=\"nofollow noopener\" target=\"_blank\">Kontakta redaktionen<\/a><\/p>\n","protected":false},"excerpt":{"rendered":"Israels premi\u00e4rminister Benjamin Netanyahu planerar att dela nya attackplaner mot Iran med Donald Trump, uppger flera k\u00e4llor f\u00f6r&hellip;\n","protected":false},"author":2,"featured_media":113041,"comment_status":"","ping_status":"","sticky":false,"template":"","format":"standard","meta":{"footnotes":""},"categories":[14],"tags":[1044,22,23,385,26,27,17,21,1530,342,24,25,28,29,124,125,15,268,16,18,34,31,33,32,30,19,20,74,51,52,53,54],"class_list":{"0":"post-113040","1":"post","2":"type-post","3":"status-publish","4":"format-standard","5":"has-post-thumbnail","7":"category-varlden","8":"tag-benjamin-netanyahu","9":"tag-breaking-news","10":"tag-breakingnews","11":"tag-donald-trump","12":"tag-featured-news","13":"tag-featurednews","14":"tag-headlines","15":"tag-huvudnyheter","16":"tag-iran","17":"tag-israel","18":"tag-latest-news","19":"tag-latestnews","20":"tag-main-news","21":"tag-mainnews","22":"tag-mellanostern","23":"tag-mellanosternkrisen","24":"tag-news","25":"tag-nordamerika","26":"tag-nyheter","27":"tag-rubriker","28":"tag-se","29":"tag-svenska","30":"tag-sverige","31":"tag-sweden","32":"tag-swedish","33":"tag-top-stories","34":"tag-topstories","35":"tag-usa","36":"tag-varlden","37":"tag-world","38":"tag-world-news","39":"tag-worldnews"},"share_on_mastodon":{"url":"https:\/\/pubeurope.com\/@se\/115758740574294847","error":""},"_links":{"self":[{"href":"https:\/\/www.europesays.com\/se\/wp-json\/wp\/v2\/posts\/113040","targetHints":{"allow":["GET"]}}],"collection":[{"href":"https:\/\/www.europesays.com\/se\/wp-json\/wp\/v2\/posts"}],"about":[{"href":"https:\/\/www.europesays.com\/se\/wp-json\/wp\/v2\/types\/post"}],"author":[{"embeddable":true,"href":"https:\/\/www.europesays.com\/se\/wp-json\/wp\/v2\/users\/2"}],"replies":[{"embeddable":true,"href":"https:\/\/www.europesays.com\/se\/wp-json\/wp\/v2\/comments?post=113040"}],"version-history":[{"count":0,"href":"https:\/\/www.europesays.com\/se\/wp-json\/wp\/v2\/posts\/113040\/revisions"}],"wp:featuredmedia":[{"embeddable":true,"href":"https:\/\/www.europesays.com\/se\/wp-json\/wp\/v2\/media\/113041"}],"wp:attachment":[{"href":"https:\/\/www.europesays.com\/se\/wp-json\/wp\/v2\/media?parent=113040"}],"wp:term":[{"taxonomy":"category","embeddable":true,"href":"https:\/\/www.europesays.com\/se\/wp-json\/wp\/v2\/categories?post=113040"},{"taxonomy":"post_tag","embeddable":true,"href":"https:\/\/www.europesays.com\/se\/wp-json\/wp\/v2\/tags?post=113040"}],"curies":[{"name":"wp","href":"https:\/\/api.w.org\/{rel}","templated":true}]}}