{"id":113042,"date":"2025-12-21T17:30:30","date_gmt":"2025-12-21T17:30:30","guid":{"rendered":"https:\/\/www.europesays.com\/se\/113042\/"},"modified":"2025-12-21T17:30:30","modified_gmt":"2025-12-21T17:30:30","slug":"stort-slagsmal-i-uppsala-flera-anmalningar","status":"publish","type":"post","link":"https:\/\/www.europesays.com\/se\/113042\/","title":{"rendered":"Stort slagsm\u00e5l i Uppsala flera anm\u00e4lningar"},"content":{"rendered":"<p>Vid halv tolv p\u00e5 fredagskv\u00e4llen larmades polisen till Sysslomansgatan i Uppsala d\u00e4r flera personer hade b\u00f6rjat sl\u00e5ss.\u2013 Det \u00e4r lite oklart vad som har h\u00e4nt och det framg\u00e5r inte exakt hur m\u00e5nga personer som varit med totalt, men det verkar r\u00f6ra sig om tv\u00e5 grupper som drabbats samman, s\u00e4ger Magnus Jansson Klarin.Han f\u00f6rklarar att slagsm\u00e5let blev s\u00e5 pass v\u00e5ldsamt att poli<\/p>\n","protected":false},"excerpt":{"rendered":"Vid halv tolv p\u00e5 fredagskv\u00e4llen larmades polisen till Sysslomansgatan i Uppsala d\u00e4r flera personer hade b\u00f6rjat sl\u00e5ss.\u2013 Det&hellip;\n","protected":false},"author":2,"featured_media":79386,"comment_status":"","ping_status":"","sticky":false,"template":"","format":"standard","meta":{"footnotes":""},"categories":[5],"tags":[22,23,26,27,17,21,24,25,28,29,15,16,18,34,31,33,32,30,19,20],"class_list":{"0":"post-113042","1":"post","2":"type-post","3":"status-publish","4":"format-standard","5":"has-post-thumbnail","7":"category-rubriker","8":"tag-breaking-news","9":"tag-breakingnews","10":"tag-featured-news","11":"tag-featurednews","12":"tag-headlines","13":"tag-huvudnyheter","14":"tag-latest-news","15":"tag-latestnews","16":"tag-main-news","17":"tag-mainnews","18":"tag-news","19":"tag-nyheter","20":"tag-rubriker","21":"tag-se","22":"tag-svenska","23":"tag-sverige","24":"tag-sweden","25":"tag-swedish","26":"tag-top-stories","27":"tag-topstories"},"share_on_mastodon":{"url":"https:\/\/pubeurope.com\/@se\/115758748342252453","error":""},"_links":{"self":[{"href":"https:\/\/www.europesays.com\/se\/wp-json\/wp\/v2\/posts\/113042","targetHints":{"allow":["GET"]}}],"collection":[{"href":"https:\/\/www.europesays.com\/se\/wp-json\/wp\/v2\/posts"}],"about":[{"href":"https:\/\/www.europesays.com\/se\/wp-json\/wp\/v2\/types\/post"}],"author":[{"embeddable":true,"href":"https:\/\/www.europesays.com\/se\/wp-json\/wp\/v2\/users\/2"}],"replies":[{"embeddable":true,"href":"https:\/\/www.europesays.com\/se\/wp-json\/wp\/v2\/comments?post=113042"}],"version-history":[{"count":0,"href":"https:\/\/www.europesays.com\/se\/wp-json\/wp\/v2\/posts\/113042\/revisions"}],"wp:featuredmedia":[{"embeddable":true,"href":"https:\/\/www.europesays.com\/se\/wp-json\/wp\/v2\/media\/79386"}],"wp:attachment":[{"href":"https:\/\/www.europesays.com\/se\/wp-json\/wp\/v2\/media?parent=113042"}],"wp:term":[{"taxonomy":"category","embeddable":true,"href":"https:\/\/www.europesays.com\/se\/wp-json\/wp\/v2\/categories?post=113042"},{"taxonomy":"post_tag","embeddable":true,"href":"https:\/\/www.europesays.com\/se\/wp-json\/wp\/v2\/tags?post=113042"}],"curies":[{"name":"wp","href":"https:\/\/api.w.org\/{rel}","templated":true}]}}