{"id":113059,"date":"2025-12-21T17:52:56","date_gmt":"2025-12-21T17:52:56","guid":{"rendered":"https:\/\/www.europesays.com\/se\/113059\/"},"modified":"2025-12-21T17:52:56","modified_gmt":"2025-12-21T17:52:56","slug":"darfor-blev-meta-publicisternas-fiende-kvartal","status":"publish","type":"post","link":"https:\/\/www.europesays.com\/se\/113059\/","title":{"rendered":"D\u00e4rf\u00f6r blev Meta publicisternas fiende \u2013 Kvartal"},"content":{"rendered":"<p class=\"text-[17px] sm:text-[18px] leading-[1.5] font-cambon text-text-default-tertiary\">Svenska publicister har utsett Meta till sin fr\u00e4msta fiende \u2013 de har portat en samarbetspartner f\u00f6r samr\u00f6re med bolaget, polisanm\u00e4lt vd Mark Zuckerberg och rullat ut en gemensam kampanjfilm.<\/p>\n<p class=\"text-[17px] sm:text-[18px] leading-[1.5] font-cambon text-text-default-tertiary\">Kritikerna anklagar tilltaget f\u00f6r att vara en PR-kupp och juridikprofessorn M\u00e5rten Schultz s\u00e4ger att de h\u00e4tska anklagelserna kan vara f\u00f6rtal.<\/p>\n<p class=\"text-[17px] sm:text-[18px] leading-[1.5] font-cambon text-text-default-tertiary\">Men den infekterade kampen har flera lager \u2013\u00a0och en l\u00e5ng historik.<\/p>\n","protected":false},"excerpt":{"rendered":"Svenska publicister har utsett Meta till sin fr\u00e4msta fiende \u2013 de har portat en samarbetspartner f\u00f6r samr\u00f6re med&hellip;\n","protected":false},"author":2,"featured_media":113060,"comment_status":"","ping_status":"","sticky":false,"template":"","format":"standard","meta":{"footnotes":""},"categories":[65],"tags":[72,70,71,34,31,33,32,30],"class_list":{"0":"post-113059","1":"post","2":"type-post","3":"status-publish","4":"format-standard","5":"has-post-thumbnail","7":"category-ekonomi","8":"tag-business","9":"tag-economy","10":"tag-ekonomi","11":"tag-se","12":"tag-svenska","13":"tag-sverige","14":"tag-sweden","15":"tag-swedish"},"share_on_mastodon":{"url":"https:\/\/pubeurope.com\/@se\/115758838797151518","error":""},"_links":{"self":[{"href":"https:\/\/www.europesays.com\/se\/wp-json\/wp\/v2\/posts\/113059","targetHints":{"allow":["GET"]}}],"collection":[{"href":"https:\/\/www.europesays.com\/se\/wp-json\/wp\/v2\/posts"}],"about":[{"href":"https:\/\/www.europesays.com\/se\/wp-json\/wp\/v2\/types\/post"}],"author":[{"embeddable":true,"href":"https:\/\/www.europesays.com\/se\/wp-json\/wp\/v2\/users\/2"}],"replies":[{"embeddable":true,"href":"https:\/\/www.europesays.com\/se\/wp-json\/wp\/v2\/comments?post=113059"}],"version-history":[{"count":0,"href":"https:\/\/www.europesays.com\/se\/wp-json\/wp\/v2\/posts\/113059\/revisions"}],"wp:featuredmedia":[{"embeddable":true,"href":"https:\/\/www.europesays.com\/se\/wp-json\/wp\/v2\/media\/113060"}],"wp:attachment":[{"href":"https:\/\/www.europesays.com\/se\/wp-json\/wp\/v2\/media?parent=113059"}],"wp:term":[{"taxonomy":"category","embeddable":true,"href":"https:\/\/www.europesays.com\/se\/wp-json\/wp\/v2\/categories?post=113059"},{"taxonomy":"post_tag","embeddable":true,"href":"https:\/\/www.europesays.com\/se\/wp-json\/wp\/v2\/tags?post=113059"}],"curies":[{"name":"wp","href":"https:\/\/api.w.org\/{rel}","templated":true}]}}