{"id":113061,"date":"2025-12-21T17:54:40","date_gmt":"2025-12-21T17:54:40","guid":{"rendered":"https:\/\/www.europesays.com\/se\/113061\/"},"modified":"2025-12-21T17:54:40","modified_gmt":"2025-12-21T17:54:40","slug":"senaste-nytt-snabba-nyheter-fran-aftonbladet-10","status":"publish","type":"post","link":"https:\/\/www.europesays.com\/se\/113061\/","title":{"rendered":"Senaste nytt \u2013 snabba nyheter fr\u00e5n Aftonbladet"},"content":{"rendered":"<p><img decoding=\"async\" src=\"https:\/\/www.europesays.com\/se\/wp-content\/uploads\/2025\/12\/ffcffaeb16a121dff9bedcc1c551d671.jpg\" class=\"thumbnail-image_fbfd\" alt=\"En vecka efter skjutningen p\u00e5 Bondi Beach - nationaldag och tyst minut\"\/><\/p>\n<p>En vecka efter skjutningen p\u00e5 Bondi Beach &#8211; nationaldag och tyst minut<\/p>\n<p>0:57<\/p>\n<ul class=\"hyperion-css-88kmbp\">\n<li class=\"hyperion-css-100j4g8\" data-entry-tags=\"\" data-testid=\"liveblog-entry\">\n<p>Ministern om bortplockade Trumpfotot: \u201dUtreder\u201d<\/p>\n<p><img decoding=\"async\" class=\"hyperion-css-4zyuxd\" alt=\"Todd Blanche. Arkivbild.\" src=\"https:\/\/www.europesays.com\/se\/wp-content\/uploads\/2025\/12\/ecddc2a2158cd7162e490376db3a1e70\"  loading=\"lazy\" style=\"aspect-ratio:150\/undefined;height:auto;width:100%\"\/><\/p>\n<p>Todd Blanche. Arkivbild. Foto: John McDonnell\/AP\/TT<\/p>\n<p>Ministern om bortplockade Trumpfotot: \u201dUtreder\u201d<\/p>\n<p class=\"hyperion-css-mtu8ek\">USA:s regering har f\u00e5tt h\u00e5rd kritik sedan flera dokument fr\u00e5n Epsteinutredningen \u2013 d\u00e4ribland ett foto d\u00e4r president Donald Trump syntes \u2013 plockats bort. Men bitr\u00e4dande justitieminister Todd Blanche f\u00f6rsvarar beslutet.<\/p>\n<p class=\"hyperion-css-mtu8ek\">I en intervju med NBC:s tv-program Meet the press uppger Blanche att nedplockandet av de totalt 16 dokumenten inte handlar om att skydda Trump utan om att skydda brottsoffren.<\/p>\n<p class=\"hyperion-css-mtu8ek\">\u2013 N\u00e4r vi h\u00f6r fr\u00e5n grupper som f\u00f6retr\u00e4der brottsoffer om den h\u00e4r sortens foton tar vi ned det och utreder. Vi utreder fortfarande fotot. Det kommer att l\u00e4ggas upp igen, den enda fr\u00e5gan \u00e4r huruvida fotografiet ska tillfogas maskningar, s\u00e4ger han.<\/p>\n<\/li>\n<li class=\"hyperion-css-100j4g8\" data-entry-tags=\"hoganas\" data-testid=\"liveblog-entry\">\n<p>Ryska fartyget f\u00e5r inte l\u00e4mna Sverige<\/p>\n<p>Ryska fartyget f\u00e5r inte l\u00e4mna Sverige<\/p>\n<p class=\"hyperion-css-mtu8ek\">Tullverket har nu avslutat den fysiska kontrollen av det <a href=\"https:\/\/www.aftonbladet.se\/nyheter\/a\/ArdPRj\/tullverket-har-bordat-ryskt-fartyg-utanfor-hoganas\" rel=\"noopener nofollow\" target=\"_blank\">ryska fartyget<\/a> som ligger ankrat utanf\u00f6r H\u00f6gan\u00e4s.<\/p>\n<p class=\"hyperion-css-mtu8ek\">\u2013 Jag kan inte ber\u00e4tta n\u00e5gonting \u00e4n s\u00e5 l\u00e4nge. Allt material som vi samlat in har vi l\u00e4mnat \u00f6ver till \u00e5klagaren, s\u00e4ger Martin H\u00f6glund, presstalesperson p\u00e5 Tullverket.<\/p>\n<p class=\"hyperion-css-mtu8ek\">\u2013 Nu f\u00f6r vi en dialog med \u00e5klagaren om det finns anledning att g\u00e5 vidare med en utredning om sanktionsbrott, som det heter.<\/p>\n<p class=\"hyperion-css-mtu8ek\">Fram till ett besked kommer f\u00e5r det ryska fatrtyget \u201dAdler\u201d inte l\u00e4mna svenskt vatten. <\/p>\n<\/li>\n<li class=\"hyperion-css-100j4g8\" data-entry-tags=\"malmo\" data-testid=\"liveblog-entry\">\n<p>Fyrverkerikaos i Malm\u00f6<\/p>\n<p>Fyrverkerikaos i Malm\u00f6<\/p>\n<p class=\"hyperion-css-mtu8ek\">Flera personer ska i kv\u00e4ll har larmat polisen om v\u00e5rdsl\u00f6s fyrverkerihantering p\u00e5 V\u00e4rnhemstorget i Malm\u00f6. <\/p>\n<p class=\"hyperion-css-mtu8ek\">Enligt uppgift ska personer skjuta fyrverkerier mot m\u00e4nniskor och byggnader.\u00a0<\/p>\n<p class=\"hyperion-css-mtu8ek\">Det skriver polisen p\u00e5 sin hemsida.<\/p>\n<p class=\"hyperion-css-mtu8ek\">Polis \u00e4r just nu p\u00e5 v\u00e4g till platsen.<\/p>\n<\/li>\n<li class=\"hyperion-css-100j4g8\" data-entry-tags=\"tomelilla\" data-testid=\"liveblog-entry\">\n<p>Tre bilar i olycka utanf\u00f6r Tomelilla<\/p>\n<p>Tre bilar i olycka utanf\u00f6r Tomelilla<\/p>\n<p class=\"hyperion-css-mtu8ek\">Tre bilar har kolliderat p\u00e5 riksv\u00e4g 11 strax \u00f6ster om Smedstorp. <\/p>\n<p class=\"hyperion-css-mtu8ek\">Tre personer ska vara drabbade. <\/p>\n<p class=\"hyperion-css-mtu8ek\">\u2013\u00a0R\u00e4ddningstj\u00e4nsten \u00e4r p\u00e5 plats och vi \u00e4r p\u00e5 v\u00e4g dit, s\u00e4ger Evelina Olsson p\u00e5 polisen i region syd.<\/p>\n<p class=\"hyperion-css-mtu8ek\">Ingen inblandad ska, enligt uppgift, ha f\u00e5tt n\u00e5gra allvarligare skador.<\/p>\n<\/li>\n<li class=\"hyperion-css-100j4g8\" data-entry-tags=\"\" data-testid=\"liveblog-entry\">\n<p>Ljusare nu: G\u00e5r mot ljusare tider<\/p>\n<p><img decoding=\"async\" class=\"hyperion-css-4zyuxd\" alt=\"\" src=\"https:\/\/www.europesays.com\/se\/wp-content\/uploads\/2025\/12\/0e730b9d92416e97c84daeb3ce11d444\"  loading=\"lazy\" style=\"aspect-ratio:150\/undefined;height:auto;width:100%\"\/><\/p>\n<p>Foto: Fredrik Sandberg\/TT<\/p>\n<p>Ljusare nu: G\u00e5r mot ljusare tider<\/p>\n<p class=\"hyperion-css-mtu8ek\">I dag klockan 16.03 infaller vintersolst\u00e5ndet. <\/p>\n<p class=\"hyperion-css-mtu8ek\">Det betyder att vi fr\u00e5n och med nu g\u00e5r mot ljusare tider. <\/p>\n<p class=\"hyperion-css-mtu8ek\">Vintersolst\u00e5ndet \u00e4r den tidpunkt d\u00e5 solen st\u00e5r som l\u00e4gst p\u00e5 norra halvklotet och d\u00e4rmed \u00e5rets m\u00f6rkaste dag. <\/p>\n<\/li>\n<\/ul>\n<p>Visa fler inl\u00e4gg<\/p>\n<p class=\"hyperion-css-1v9qo5x\"><strong>ANNONS<\/strong><\/p>\n<p>\u00a0Tipsa\u00a0oss\u00a0<\/p>\n<p>expand-left<\/p>\n<p>helsk\u00e4rm<img decoding=\"async\" class=\"image-asset hyperion-css-u06ts1\" data-test-tag=\"image-asset\" src=\"https:\/\/www.europesays.com\/se\/wp-content\/uploads\/2025\/12\/34d76523-28e5-4fbc-8563-7913aaac9919\"  alt=\"\"  loading=\"eager\" fetchpriority=\"high\" style=\"aspect-ratio:1900 \/ 1267\"\/> Foto: Emma-Sofia Olsson \/ Schibsted<\/p>\n<p class=\"hyperion-css-1v9qo5x\">check <strong>Vet du mer? Har du ett nyhetstips?<\/strong><\/p>\n<p class=\"hyperion-css-1v9qo5x\">check<strong> Om Tipsa!<\/strong><br \/>P\u00e5 Aftonbladet s\u00f6ker vi st\u00e4ndigt efter nya vinklar. Och som l\u00e4sare \u00e4r du en viktig del av v\u00e5rt nyhetsarbete. Med v\u00e5r tj\u00e4nst Tipsa! kan du l\u00e4tt skicka in tips, bilder och video. I v\u00e5ra appar kan vi dessutom n\u00e5 dig med lokala push-notiser och efterlysningar.<br \/><strong>\u00a0<\/strong><br \/>check<strong> Vad h\u00e4nder med mitt tips?<\/strong><br \/>Vi l\u00e4ser alla tips som skickas. Om vi bed\u00f6mer ditt tips som intressant tar vi kontakt med dig via de kontaktv\u00e4gar du l\u00e4mnat. N\u00e4r du skickar din bild eller film till Aftonbladet ger du samtidigt ditt tillst\u00e5nd till publicering.<br \/>\u00a0<br \/>check<strong> Hur skyddas mina uppgifter?<\/strong><br \/>Aftonbladet garanterar alla tipsare k\u00e4llskydd, en grundlagsskyddad r\u00e4ttighet enligt Tryckfrihetsf\u00f6rordningen. Alla tips skickas krypterade. Din identitet \u00e4r skyddad hos oss men redaktionen kan komma att kontakta dig f\u00f6r ytterligare information kring ditt tips. <\/p>\n<p class=\"hyperion-css-1v9qo5x\">Vill du vara anonym ocks\u00e5 f\u00f6r redaktionen finns det flera andra v\u00e4gar att kontakta oss: du kan ringa fr\u00e5n ett dolt nummer eller maila oss fr\u00e5n en tillf\u00e4llig e-postadress, t ex hotmail eller gmail.<br \/><strong>\u00a0 <\/strong><br \/>check<strong> F\u00e5r jag ers\u00e4ttning?<\/strong><br \/>Aftonbladet betalar alltid f\u00f6r publicerade nyhetstips och nyhetsbilder\/filmer som du \u00e4ger eller har r\u00e4tt att s\u00e4lja. Vi betalar bara till den som \u00e4r f\u00f6rst med tipset eller till den som har ny information om en nyhet.<\/p>\n<p class=\"hyperion-css-1v9qo5x\">Beslut om ers\u00e4ttning ska utg\u00e5 best\u00e4ms av tj\u00e4nstg\u00f6rande nyhetschef i samband med att tipset l\u00e4mnas. Vi ers\u00e4tter inte nyhetstips retroaktivt.<\/p>\n<p class=\"hyperion-css-1v9qo5x\">Storleken p\u00e5 ers\u00e4ttningen beror bland annat p\u00e5 dignitet eller hur unik nyheten \u00e4r och vad den tillf\u00f6r rapporteringen.<\/p>\n<p class=\"hyperion-css-1v9qo5x\">N\u00e4r vi efterlyser bilder av mer allm\u00e4n karakt\u00e4r, t ex sommarbilder, som inte ing\u00e5r i en nyhetsrapportering, utg\u00e5r ingen ers\u00e4ttning.<\/p>\n<p class=\"hyperion-css-1v9qo5x\">N\u00e4r du skickar din bild till Aftonbladet ger du samtidigt ditt tillst\u00e5nd till publicering\/publiceringar.<br \/><strong>\u00a0<\/strong><br \/>check<strong> Jag blev lovad ers\u00e4ttning. N\u00e4r f\u00e5r jag pengarna?<\/strong><br \/>Arvoden f\u00f6r publicerade nyhetstips, bilder eller filmer betalas ut som l\u00f6n s\u00e5 snart som m\u00f6jligt.<br \/><strong>\u00a0<\/strong><br \/>check<strong> V\u00e5ra appar<\/strong><br \/>Tack vare platstj\u00e4nsten geolokalisering kan du i v\u00e5ra appar f\u00e5 push-notiser med lokala nyheter om h\u00e4ndelser just d\u00e4r du befinner dig.<\/p>\n<p class=\"hyperion-css-1v9qo5x\">N\u00e4r en st\u00f6rre nyhetsh\u00e4ndelse intr\u00e4ffat i din n\u00e4rhet skickas en push-notis till dig n\u00e4r du anv\u00e4nder Tipsa!<\/p>\n<p class=\"hyperion-css-1v9qo5x\">Vi kan samtidigt efterlysa din hj\u00e4lp i nyhetsrapporteringen. Med dina egna bilder och upplysningar \u2013 fr\u00e5n d\u00e4r det h\u00e4nder, n\u00e4r det h\u00e4nder.<\/p>\n<p class=\"hyperion-css-1v9qo5x\">Aftonbladets appar hittar du i<a aria-label=\" Appstore \" class=\"default hyperion-css-15jkft9\" href=\"https:\/\/itunes.apple.com\/se\/app\/aftonbladet\/id284962281?mt=8\/?requiredbrowser=external\" rel=\"noopener nofollow noreferrer\" data-test-tag=\"external-link\" target=\"_blank\"> Appstore <\/a>och<a aria-label=\" Google Play\" class=\"default hyperion-css-15jkft9\" href=\"https:\/\/play.google.com\/store\/apps\/details?id=se.aftonbladet.start&amp;requiredbrowser=external\" rel=\"noopener nofollow noreferrer\" data-test-tag=\"external-link\" target=\"_blank\"> Google Play<\/a>.<br \/><strong>\u00a0<\/strong><br \/>check<strong> Bra att t\u00e4nka p\u00e5<\/strong><\/p>\n<ul class=\"hyperion-css-e9gx76\" data-test-tag=\"list\">\n<li class=\"hyperion-css-1d843yr\">En nyhetsh\u00e4ndelse kan vara dramatisk. Se till att du aldrig \u00e4r i v\u00e4gen f\u00f6r r\u00e4ddningspersonal eller polis. Uts\u00e4tt inte dig sj\u00e4lv eller andra f\u00f6r n\u00e5gra risker. T\u00e4nk p\u00e5 den personliga integriteten. Var inte f\u00f6r n\u00e4rg\u00e5ngen utan h\u00e5ll dig p\u00e5 beh\u00f6rigt avst\u00e5nd.<\/li>\n<li class=\"hyperion-css-1d843yr\">En bra nyhetsbild eller film vill vi publicera direkt. Med appens hj\u00e4lp n\u00e5r du v\u00e5r nyhetsredaktion snabbast och din bild eller live-film kan publiceras p\u00e5 Aftonbladet inom n\u00e5gra minuter.<\/li>\n<li class=\"hyperion-css-1d843yr\">Allm\u00e4nna \u00e5sikter, teorier eller spekulationer \u00e4r inte nyhetstips.<\/li>\n<\/ul>\n<p>\u00a0<\/p>\n","protected":false},"excerpt":{"rendered":"En vecka efter skjutningen p\u00e5 Bondi Beach &#8211; nationaldag och tyst minut 0:57 Ministern om bortplockade Trumpfotot: \u201dUtreder\u201d&hellip;\n","protected":false},"author":2,"featured_media":113062,"comment_status":"","ping_status":"","sticky":false,"template":"","format":"standard","meta":{"footnotes":""},"categories":[14],"tags":[22,23,26,27,17,21,24,25,28,29,15,16,18,34,31,33,32,30,19,20,51,52,53,54],"class_list":{"0":"post-113061","1":"post","2":"type-post","3":"status-publish","4":"format-standard","5":"has-post-thumbnail","7":"category-varlden","8":"tag-breaking-news","9":"tag-breakingnews","10":"tag-featured-news","11":"tag-featurednews","12":"tag-headlines","13":"tag-huvudnyheter","14":"tag-latest-news","15":"tag-latestnews","16":"tag-main-news","17":"tag-mainnews","18":"tag-news","19":"tag-nyheter","20":"tag-rubriker","21":"tag-se","22":"tag-svenska","23":"tag-sverige","24":"tag-sweden","25":"tag-swedish","26":"tag-top-stories","27":"tag-topstories","28":"tag-varlden","29":"tag-world","30":"tag-world-news","31":"tag-worldnews"},"share_on_mastodon":{"url":"https:\/\/pubeurope.com\/@se\/115758842920261560","error":""},"_links":{"self":[{"href":"https:\/\/www.europesays.com\/se\/wp-json\/wp\/v2\/posts\/113061","targetHints":{"allow":["GET"]}}],"collection":[{"href":"https:\/\/www.europesays.com\/se\/wp-json\/wp\/v2\/posts"}],"about":[{"href":"https:\/\/www.europesays.com\/se\/wp-json\/wp\/v2\/types\/post"}],"author":[{"embeddable":true,"href":"https:\/\/www.europesays.com\/se\/wp-json\/wp\/v2\/users\/2"}],"replies":[{"embeddable":true,"href":"https:\/\/www.europesays.com\/se\/wp-json\/wp\/v2\/comments?post=113061"}],"version-history":[{"count":0,"href":"https:\/\/www.europesays.com\/se\/wp-json\/wp\/v2\/posts\/113061\/revisions"}],"wp:featuredmedia":[{"embeddable":true,"href":"https:\/\/www.europesays.com\/se\/wp-json\/wp\/v2\/media\/113062"}],"wp:attachment":[{"href":"https:\/\/www.europesays.com\/se\/wp-json\/wp\/v2\/media?parent=113061"}],"wp:term":[{"taxonomy":"category","embeddable":true,"href":"https:\/\/www.europesays.com\/se\/wp-json\/wp\/v2\/categories?post=113061"},{"taxonomy":"post_tag","embeddable":true,"href":"https:\/\/www.europesays.com\/se\/wp-json\/wp\/v2\/tags?post=113061"}],"curies":[{"name":"wp","href":"https:\/\/api.w.org\/{rel}","templated":true}]}}