{"id":113063,"date":"2025-12-21T17:58:56","date_gmt":"2025-12-21T17:58:56","guid":{"rendered":"https:\/\/www.europesays.com\/se\/113063\/"},"modified":"2025-12-21T17:58:56","modified_gmt":"2025-12-21T17:58:56","slug":"mjallby-nara-att-gora-klart-med-max-nielsen","status":"publish","type":"post","link":"https:\/\/www.europesays.com\/se\/113063\/","title":{"rendered":"Mj\u00e4llby n\u00e4ra att g\u00f6ra klart med Max Nielsen"},"content":{"rendered":"<p>Publicerad 20 dec 2025 kl 23.10Uppdaterad kl 23.18<\/p>\n<p>Mj\u00e4llby AIF \u00e4r p\u00e5 v\u00e4g att f\u00f6rst\u00e4rka truppen med en dansk.<\/p>\n<p>Enligt uppgifter till Expressen \u00e4r svenska m\u00e4starna bara detaljer fr\u00e5n att v\u00e4rva Max Nielsen fr\u00e5n Hobro. Prislappen landar p\u00e5 omkring 5,4 miljoner kronor.<\/p>\n<p><img   alt=\"\"\/> <\/p>\n<p>Foto: Nicolai Bethelsen \/ STELLA PICTURES\/GONZALES PHOTO<\/p>\n<p>\u00d6ppna bild i helsk\u00e4rm<\/p>\n<p>Redan den 5:e december avsl\u00f6jade <a href=\"https:\/\/www.expressen.se\/sport\/fotboll\/allsvenskan\/allsvenska-toppklubbar-i-dialog-om-max-nielsen\/\" rel=\"nofollow noopener\" target=\"_blank\">Expressen<\/a> att <a href=\"https:\/\/www.expressen.se\/tagg\/organization\/mjallby-aif\/\" class=\"\" rel=\"nofollow noopener\" target=\"_blank\">Mj\u00e4llby AIF<\/a> var i dialog g\u00e4llande en v\u00e4rvning av Max Nielsen fr\u00e5n Hobro, d\u00e4r han gjorde tre m\u00e5l och tre assist p\u00e5 18 matcher.<\/p>\n<p>F\u00f6rhandlingarna har varit positiva den senaste tiden, och enligt uppgifter till Expressen \u00e5terst\u00e5r bara detaljer innan Nielsen \u00e4r klar f\u00f6r Mj\u00e4llby till n\u00e4sta s\u00e4song.<\/p>\n<p>Prislappen landar p\u00e5 omkring 5,4 miljoner kronor plus bonusar. Klubbarna har \u00e4ven f\u00f6rhandlat in en vidaref\u00f6rs\u00e4ljningsklausul i \u00f6verg\u00e5ngen.<\/p>\n<p>Detaljer fr\u00e5n aff\u00e4r<\/p>\n<p>Det som \u00e5terst\u00e5r innan aff\u00e4ren \u00e4r klar \u00e4r f\u00f6r klubbarna att l\u00f6sa de sista detaljerna i aff\u00e4ren, och f\u00f6r spelaren att g\u00f6ra klart sitt personliga kontrakt.<\/p>\n<p>Mj\u00e4llby har jobbat h\u00e5rt p\u00e5 att v\u00e4rva Nielsen. Svenska m\u00e4starna har bland annat haft konkurrens fr\u00e5n Gais, som \u00e4ven visade konkret intresse.<\/p>\n<p>Max Nielsen kommer med st\u00f6rsta sannolikhet att spela p\u00e5 h\u00f6gerkanten i Mj\u00e4llby. D\u00e4r har klubben nyligen s\u00e5lt Herman Johansson till Dallas i MLS.<\/p>\n<p>Nielsen beskrivs som en mycket snabb spelare och kan n\u00e5 topphastigheter p\u00e5 upp till 36 kilometer i timmen.<\/p>\n","protected":false},"excerpt":{"rendered":"Publicerad 20 dec 2025 kl 23.10Uppdaterad kl 23.18 Mj\u00e4llby AIF \u00e4r p\u00e5 v\u00e4g att f\u00f6rst\u00e4rka truppen med en&hellip;\n","protected":false},"author":2,"featured_media":113064,"comment_status":"","ping_status":"","sticky":false,"template":"","format":"standard","meta":{"footnotes":""},"categories":[68],"tags":[240,34,130,129,111,110,31,33,32,30],"class_list":{"0":"post-113063","1":"post","2":"type-post","3":"status-publish","4":"format-standard","5":"has-post-thumbnail","7":"category-sport","8":"tag-organization-mjallby-aif","9":"tag-se","10":"tag-sections-allsvenskan","11":"tag-sections-fotboll","12":"tag-sport","13":"tag-sports","14":"tag-svenska","15":"tag-sverige","16":"tag-sweden","17":"tag-swedish"},"share_on_mastodon":{"url":"https:\/\/pubeurope.com\/@se\/115758862407513751","error":""},"_links":{"self":[{"href":"https:\/\/www.europesays.com\/se\/wp-json\/wp\/v2\/posts\/113063","targetHints":{"allow":["GET"]}}],"collection":[{"href":"https:\/\/www.europesays.com\/se\/wp-json\/wp\/v2\/posts"}],"about":[{"href":"https:\/\/www.europesays.com\/se\/wp-json\/wp\/v2\/types\/post"}],"author":[{"embeddable":true,"href":"https:\/\/www.europesays.com\/se\/wp-json\/wp\/v2\/users\/2"}],"replies":[{"embeddable":true,"href":"https:\/\/www.europesays.com\/se\/wp-json\/wp\/v2\/comments?post=113063"}],"version-history":[{"count":0,"href":"https:\/\/www.europesays.com\/se\/wp-json\/wp\/v2\/posts\/113063\/revisions"}],"wp:featuredmedia":[{"embeddable":true,"href":"https:\/\/www.europesays.com\/se\/wp-json\/wp\/v2\/media\/113064"}],"wp:attachment":[{"href":"https:\/\/www.europesays.com\/se\/wp-json\/wp\/v2\/media?parent=113063"}],"wp:term":[{"taxonomy":"category","embeddable":true,"href":"https:\/\/www.europesays.com\/se\/wp-json\/wp\/v2\/categories?post=113063"},{"taxonomy":"post_tag","embeddable":true,"href":"https:\/\/www.europesays.com\/se\/wp-json\/wp\/v2\/tags?post=113063"}],"curies":[{"name":"wp","href":"https:\/\/api.w.org\/{rel}","templated":true}]}}