{"id":113065,"date":"2025-12-21T18:00:17","date_gmt":"2025-12-21T18:00:17","guid":{"rendered":"https:\/\/www.europesays.com\/se\/113065\/"},"modified":"2025-12-21T18:00:17","modified_gmt":"2025-12-21T18:00:17","slug":"197-tomtar-marscherade-se-bilderna-fran-folkfesten-kristianstadsbladet","status":"publish","type":"post","link":"https:\/\/www.europesays.com\/se\/113065\/","title":{"rendered":"197 tomtar marscherade \u2013 se bilderna fr\u00e5n folkfesten \u2013 Kristianstadsbladet"},"content":{"rendered":"<p>Tomteparaden firade under s\u00f6ndagen sitt tolfte \u00e5r i Knislinge.<\/p>\n<p>F\u00f6r Molly Lidebrandt, 11, var det premi\u00e4r. <\/p>\n<p>\u2013\u00a0Alla mina kompisar g\u00e5r h\u00e4r, s\u00e5 d\u00e5 tyckte jag att det ocks\u00e5 skulle vara kul, s\u00e4ger hon. <\/p>\n<p><img loading=\"lazy\" decoding=\"async\" width=\"980\" height=\"551\" class=\"article-image article-image--featured\" alt=\"Trion l\u00e4ngst fram: Molly, 11, Ellen, 6, och Lisen, 12. Lisen bar p\u00e5 en tung h\u00f6gtalare \u2013 \u201dLast Christmas\u201d med Wham! \u00e4r b\u00e4sta jull\u00e5ten, ans\u00e5g trion.\" src=\"https:\/\/www.europesays.com\/se\/wp-content\/uploads\/2025\/12\/1766340017_282_5e5ebb61-2f90-4547-a58a-a61376d6f011.jpeg\"  \/><a class=\"article__lightbox-link\" href=\"https:\/\/static.bonniernews.se\/ba\/5e5ebb61-2f90-4547-a58a-a61376d6f011.jpeg?crop=8256%2C4644%2Cx0%2Cy430&amp;width=1400&amp;format=pjpg&amp;auto=avif\" data-pswp-width=\"1400\" data-pswp-height=\"788\" data-pswp-caption=\"Trion l\u00e4ngst fram: Molly, 11, Ellen, 6, och Lisen, 12. Lisen bar p\u00e5 en tung h\u00f6gtalare \u2013 \u201dLast Christmas\u201d med Wham! \u00e4r b\u00e4sta jull\u00e5ten, ans\u00e5g trion. Bild: Sofia \u00c5str\u00f6m\" data-pswp- rel=\"nofollow noopener\" target=\"_blank\">\u00d6ppna bild i helsk\u00e4rmsl\u00e4ge<\/a><\/p>\n<p class=\"txt-style-muted\" aria-hidden=\"true\">Trion l\u00e4ngst fram: Molly, 11, Ellen, 6, och Lisen, 12. Lisen bar p\u00e5 en tung h\u00f6gtalare \u2013 \u201dLast Christmas\u201d med Wham! \u00e4r b\u00e4sta jull\u00e5ten, ans\u00e5g trion.<\/p>\n<p class=\"article__figcaption-attribution txt-style-muted\">Bild: Sofia \u00c5str\u00f6m<\/p>\n<p>Tomtegeneral Marcus \u201dSpeaker-Macke\u201d Svensson drog i g\u00e5ng paraden 2014, <a class=\"article__content-link\" href=\"https:\/\/www.kristianstadsbladet.se\/ostra-goinge\/tomteparaden-firar-sitt-tionde-ar-hade-aldrig-kunnat-dromma\/\" rel=\"nofollow noopener\" target=\"_blank\">efter inspiration fr\u00e5n julskyltningen i Vinsl\u00f6v<\/a>.<\/p>\n<p>Tekniskt fel<\/p>\n<p class=\"message__text txt-ui txt-ui-2\">V\u00e4nligen f\u00f6rs\u00f6k igen senare.<\/p>\n<p>Den h\u00e4r artikeln \u00e4r bara f\u00f6r prenumeranter<\/p>\n<p class=\"txt-body txt-body-1\">Om du redan \u00e4r prenumerant: logga in!<\/p>\n","protected":false},"excerpt":{"rendered":"Tomteparaden firade under s\u00f6ndagen sitt tolfte \u00e5r i Knislinge. F\u00f6r Molly Lidebrandt, 11, var det premi\u00e4r. \u2013\u00a0Alla mina&hellip;\n","protected":false},"author":2,"featured_media":113058,"comment_status":"","ping_status":"","sticky":false,"template":"","format":"standard","meta":{"footnotes":""},"categories":[67],"tags":[104,34,31,33,32,30,105],"class_list":{"0":"post-113065","1":"post","2":"type-post","3":"status-publish","4":"format-standard","5":"has-post-thumbnail","7":"category-underhallning","8":"tag-entertainment","9":"tag-se","10":"tag-svenska","11":"tag-sverige","12":"tag-sweden","13":"tag-swedish","14":"tag-underhallning"},"share_on_mastodon":{"url":"https:\/\/pubeurope.com\/@se\/115758866506386377","error":""},"_links":{"self":[{"href":"https:\/\/www.europesays.com\/se\/wp-json\/wp\/v2\/posts\/113065","targetHints":{"allow":["GET"]}}],"collection":[{"href":"https:\/\/www.europesays.com\/se\/wp-json\/wp\/v2\/posts"}],"about":[{"href":"https:\/\/www.europesays.com\/se\/wp-json\/wp\/v2\/types\/post"}],"author":[{"embeddable":true,"href":"https:\/\/www.europesays.com\/se\/wp-json\/wp\/v2\/users\/2"}],"replies":[{"embeddable":true,"href":"https:\/\/www.europesays.com\/se\/wp-json\/wp\/v2\/comments?post=113065"}],"version-history":[{"count":0,"href":"https:\/\/www.europesays.com\/se\/wp-json\/wp\/v2\/posts\/113065\/revisions"}],"wp:featuredmedia":[{"embeddable":true,"href":"https:\/\/www.europesays.com\/se\/wp-json\/wp\/v2\/media\/113058"}],"wp:attachment":[{"href":"https:\/\/www.europesays.com\/se\/wp-json\/wp\/v2\/media?parent=113065"}],"wp:term":[{"taxonomy":"category","embeddable":true,"href":"https:\/\/www.europesays.com\/se\/wp-json\/wp\/v2\/categories?post=113065"},{"taxonomy":"post_tag","embeddable":true,"href":"https:\/\/www.europesays.com\/se\/wp-json\/wp\/v2\/tags?post=113065"}],"curies":[{"name":"wp","href":"https:\/\/api.w.org\/{rel}","templated":true}]}}