{"id":113068,"date":"2025-12-21T18:04:11","date_gmt":"2025-12-21T18:04:11","guid":{"rendered":"https:\/\/www.europesays.com\/se\/113068\/"},"modified":"2025-12-21T18:04:11","modified_gmt":"2025-12-21T18:04:11","slug":"ungdomar-skot-fyrverkerier-mot-manniskor-i-malmo","status":"publish","type":"post","link":"https:\/\/www.europesays.com\/se\/113068\/","title":{"rendered":"Ungdomar sk\u00f6t fyrverkerier mot m\u00e4nniskor i Malm\u00f6"},"content":{"rendered":"<p>Polisen \u00e5kte under kv\u00e4llen till V\u00e4rnhemstorget i centrala Malm\u00f6 efter att flera personer slagit larm om att personer avfyrar fyrverkerier p\u00e5 ett v\u00e5rdsl\u00f6st s\u00e4tt d\u00e4r. <\/p>\n<p>Larmet n\u00e5dde polisen vid 18-tiden och enligt uppgifterna har b\u00e5de m\u00e4nniskor och byggnader blivit beskjutna av raketerna. <\/p>\n<p>P\u00e5 plats antr\u00e4ffade polisen tv\u00e5 ungdomar som ska ha skjutit raketerna. De \u00e4r nu omh\u00e4ndertagna. <\/p>\n<p>Omni \u00e4r politiskt obundna och oberoende. Vi str\u00e4var efter att ge fler perspektiv p\u00e5 nyheterna. Har du fr\u00e5gor eller synpunkter kring v\u00e5r rapportering? <a href=\"https:\/\/omni.se\/personer-avfyrar-raketer-mot-manniskor-i-malmo\/a\/mailto:redaktion@omni.se\" class=\"ArticleActions_contactLink__W2F1M\" rel=\"nofollow noopener\" target=\"_blank\">Kontakta redaktionen<\/a><\/p>\n","protected":false},"excerpt":{"rendered":"Polisen \u00e5kte under kv\u00e4llen till V\u00e4rnhemstorget i centrala Malm\u00f6 efter att flera personer slagit larm om att personer&hellip;\n","protected":false},"author":2,"featured_media":113069,"comment_status":"","ping_status":"","sticky":false,"template":"","format":"standard","meta":{"footnotes":""},"categories":[12],"tags":[22,23,26,27,17,21,24,25,28,29,417,15,16,18,34,389,31,33,32,30,19,20],"class_list":{"0":"post-113068","1":"post","2":"type-post","3":"status-publish","4":"format-standard","5":"has-post-thumbnail","7":"category-sverige","8":"tag-breaking-news","9":"tag-breakingnews","10":"tag-featured-news","11":"tag-featurednews","12":"tag-headlines","13":"tag-huvudnyheter","14":"tag-latest-news","15":"tag-latestnews","16":"tag-main-news","17":"tag-mainnews","18":"tag-malmo","19":"tag-news","20":"tag-nyheter","21":"tag-rubriker","22":"tag-se","23":"tag-skane-lan","24":"tag-svenska","25":"tag-sverige","26":"tag-sweden","27":"tag-swedish","28":"tag-top-stories","29":"tag-topstories"},"share_on_mastodon":{"url":"https:\/\/pubeurope.com\/@se\/115758881978352321","error":""},"_links":{"self":[{"href":"https:\/\/www.europesays.com\/se\/wp-json\/wp\/v2\/posts\/113068","targetHints":{"allow":["GET"]}}],"collection":[{"href":"https:\/\/www.europesays.com\/se\/wp-json\/wp\/v2\/posts"}],"about":[{"href":"https:\/\/www.europesays.com\/se\/wp-json\/wp\/v2\/types\/post"}],"author":[{"embeddable":true,"href":"https:\/\/www.europesays.com\/se\/wp-json\/wp\/v2\/users\/2"}],"replies":[{"embeddable":true,"href":"https:\/\/www.europesays.com\/se\/wp-json\/wp\/v2\/comments?post=113068"}],"version-history":[{"count":0,"href":"https:\/\/www.europesays.com\/se\/wp-json\/wp\/v2\/posts\/113068\/revisions"}],"wp:featuredmedia":[{"embeddable":true,"href":"https:\/\/www.europesays.com\/se\/wp-json\/wp\/v2\/media\/113069"}],"wp:attachment":[{"href":"https:\/\/www.europesays.com\/se\/wp-json\/wp\/v2\/media?parent=113068"}],"wp:term":[{"taxonomy":"category","embeddable":true,"href":"https:\/\/www.europesays.com\/se\/wp-json\/wp\/v2\/categories?post=113068"},{"taxonomy":"post_tag","embeddable":true,"href":"https:\/\/www.europesays.com\/se\/wp-json\/wp\/v2\/tags?post=113068"}],"curies":[{"name":"wp","href":"https:\/\/api.w.org\/{rel}","templated":true}]}}