{"id":113070,"date":"2025-12-21T18:07:53","date_gmt":"2025-12-21T18:07:53","guid":{"rendered":"https:\/\/www.europesays.com\/se\/113070\/"},"modified":"2025-12-21T18:07:53","modified_gmt":"2025-12-21T18:07:53","slug":"det-racker-inte-att-en-spelare-gor-vara-mal-sundsvalls-tidning","status":"publish","type":"post","link":"https:\/\/www.europesays.com\/se\/113070\/","title":{"rendered":"\u201dDet r\u00e4cker inte att en spelare g\u00f6r v\u00e5ra m\u00e5l\u201d &#8211; Sundsvalls Tidning"},"content":{"rendered":"<ol>\n<li><a href=\"https:\/\/news.google.com\/rss\/articles\/CBMifkFVX3lxTE9MTXdxODJ0cnVqMFNzXzNKRlNOSUVPVDM5dHdCazY4VzV1N0prTG45SnRYOEVYVmFjTnJIdG5yTDdDb2xzMjI1VVBOWEdyR2lpWHYzSjJjYlhpMl80SExmUm5yNmJhVzJ1WTgyRVg2d3VtdzZjcDVRYmZjYVIyZw?oc=5\" target=\"_blank\" rel=\"nofollow noopener\">\u201dDet r\u00e4cker inte att en spelare g\u00f6r v\u00e5ra m\u00e5l\u201d<\/a>&nbsp;&nbsp;Sundsvalls Tidning<\/li>\n<li><a href=\"https:\/\/news.google.com\/rss\/articles\/CBMikAFBVV95cUxOQWsydkZtX3JWNjctVVdLcFc4ZzJISzZYT0RjQ1dNMElkM2hnVlJRZUU4alh1T2N6SzZ1TjZOSkZ0Y2xaMzh0TkQ0Y2pQQ0tNV2VBaG0zQXVobWV2aF8tQmNRZW95N1Z4ZTlQU3pMWnZPSU1zZ0dCUWpsYngtSnZ0WnptODFCSjBWUXJ0cHZhWGE?oc=5\" target=\"_blank\" rel=\"nofollow noopener\">V\u00e4xj\u00f6 blixtv\u00e4nde hemma mot Timr\u00e5<\/a>&nbsp;&nbsp;Aftonbladet<\/li>\n<li><a href=\"https:\/\/news.google.com\/rss\/articles\/CBMikAFBVV95cUxPNXowMTVCRFFLZUQ5QXh5SnJQRnFIU0pkSXZhT0MxU0lYLVpGcm5OczAtUnN1dEVVdUFuTnhkT2xLTzhldDI0ZFlNX0lEa245RmNrazBHellkU0g2XzdZTHh0TGk2aG9IMTlMOC1nMURVNVZKd3g4Z2RfdFQ2ZkdvWHJSSVpSUGE5WXVNanI5Mmo?oc=5\" target=\"_blank\" rel=\"nofollow noopener\">Timr\u00e5 kollapsade mot V\u00e4xj\u00f6: \u201dVi m\u00e5ste l\u00e4ra oss\u201d<\/a>&nbsp;&nbsp;Expressen<\/li>\n<li><a href=\"https:\/\/news.google.com\/rss\/articles\/CBMipwFBVV95cUxQODVvSnJPMktjRnNzR0RsdU5WRWRBSTFZVlBSRk9NYUtvVGtFUzBNRkJTX29CaEhnVG50eXp1MmNpNkNqWkt3dnYzUnRDV2xhbFRZSENsbERSVUJaUkpobi12M0hnV0l5V2d3SjNhc1FmMkFPZmJfV0pVZTFUOUNfUjJ3bTZDNTZMUUN2WVg2SmZreERYM2VNRHk2bFhqeVpzVDVRTnQ2TQ?oc=5\" target=\"_blank\" rel=\"nofollow noopener\">Fagervall om utvisningar, ton\u00e5ringar och h\u00f6stterminen: \u201dDet beh\u00f6ver vi st\u00e4da bort\u201d<\/a>&nbsp;&nbsp;Sm\u00e5landsposten<\/li>\n<li><a href=\"https:\/\/news.google.com\/rss\/articles\/CBMisAFBVV95cUxQcTIxSGpyVHIxSU93Yk1lZzhXMl9uOEZwVTdObUxBVzdNTVBrU2pjS0ptT3djNnlXdEtNZXNCeG9XYTU1bGliM3E2Z0l5alQ5YWc4Q0RKVHlWY0hZYXItVFpZSUxmaDJkanVBS09JcXUyeXMzOFFkWnMxY214akd3QnBWQ0U5YmQ2a09uOGFSRm83c0F4OVZPdTZkaUN4aGZLeGNfQVlvT25KcHBYUWRKQw?oc=5\" target=\"_blank\" rel=\"nofollow noopener\">V\u00e4xj\u00f6 vann mot Timr\u00e5 IK i SHL<\/a>&nbsp;&nbsp;GP<\/li>\n<\/ol>\n","protected":false},"excerpt":{"rendered":"\u201dDet r\u00e4cker inte att en spelare g\u00f6r v\u00e5ra m\u00e5l\u201d&nbsp;&nbsp;Sundsvalls Tidning V\u00e4xj\u00f6 blixtv\u00e4nde hemma mot Timr\u00e5&nbsp;&nbsp;Aftonbladet Timr\u00e5 kollapsade mot&hellip;\n","protected":false},"author":2,"featured_media":113071,"comment_status":"","ping_status":"","sticky":false,"template":"","format":"standard","meta":{"footnotes":""},"categories":[68],"tags":[34,111,110,31,33,32,30],"class_list":{"0":"post-113070","1":"post","2":"type-post","3":"status-publish","4":"format-standard","5":"has-post-thumbnail","7":"category-sport","8":"tag-se","9":"tag-sport","10":"tag-sports","11":"tag-svenska","12":"tag-sverige","13":"tag-sweden","14":"tag-swedish"},"share_on_mastodon":{"url":"https:\/\/pubeurope.com\/@se\/115758897758875996","error":""},"_links":{"self":[{"href":"https:\/\/www.europesays.com\/se\/wp-json\/wp\/v2\/posts\/113070","targetHints":{"allow":["GET"]}}],"collection":[{"href":"https:\/\/www.europesays.com\/se\/wp-json\/wp\/v2\/posts"}],"about":[{"href":"https:\/\/www.europesays.com\/se\/wp-json\/wp\/v2\/types\/post"}],"author":[{"embeddable":true,"href":"https:\/\/www.europesays.com\/se\/wp-json\/wp\/v2\/users\/2"}],"replies":[{"embeddable":true,"href":"https:\/\/www.europesays.com\/se\/wp-json\/wp\/v2\/comments?post=113070"}],"version-history":[{"count":0,"href":"https:\/\/www.europesays.com\/se\/wp-json\/wp\/v2\/posts\/113070\/revisions"}],"wp:featuredmedia":[{"embeddable":true,"href":"https:\/\/www.europesays.com\/se\/wp-json\/wp\/v2\/media\/113071"}],"wp:attachment":[{"href":"https:\/\/www.europesays.com\/se\/wp-json\/wp\/v2\/media?parent=113070"}],"wp:term":[{"taxonomy":"category","embeddable":true,"href":"https:\/\/www.europesays.com\/se\/wp-json\/wp\/v2\/categories?post=113070"},{"taxonomy":"post_tag","embeddable":true,"href":"https:\/\/www.europesays.com\/se\/wp-json\/wp\/v2\/tags?post=113070"}],"curies":[{"name":"wp","href":"https:\/\/api.w.org\/{rel}","templated":true}]}}