{"id":113072,"date":"2025-12-21T18:08:16","date_gmt":"2025-12-21T18:08:16","guid":{"rendered":"https:\/\/www.europesays.com\/se\/113072\/"},"modified":"2025-12-21T18:08:16","modified_gmt":"2025-12-21T18:08:16","slug":"nya-avatar-dominerade-biohelgen-vasterbottens-kuriren","status":"publish","type":"post","link":"https:\/\/www.europesays.com\/se\/113072\/","title":{"rendered":"Nya \u201dAvatar&quot; dominerade biohelgen &#8211; V\u00e4sterbottens-Kuriren"},"content":{"rendered":"<ol>\n<li><a href=\"https:\/\/news.google.com\/rss\/articles\/CBMidEFVX3lxTE96S2sxRlBTUUlIUE5vRkdRaTYzcy1HcnJ2QzNYcXRvMXppMkNtMTh5LWtpdmIxR0p1TFNoZmxiYWJyVnRGeWpDQ19tMEtKYnV3b0xLNGdwMzk0dDRrWWFrWWhIRi0tREpnbWc2cTdPZ050Rm12?oc=5\" target=\"_blank\" rel=\"nofollow noopener\">Nya \u201dAvatar&#8221; dominerade biohelgen<\/a>&nbsp;&nbsp;V\u00e4sterbottens-Kuriren<\/li>\n<li><a href=\"https:\/\/news.google.com\/rss\/articles\/CBMifEFVX3lxTE9JS2kwZEJKZkw1OC1DVldYR0dGUF9MdkRDTXdzcWtjYlE2aXFHZWt2MXVDTzBPM3BxZGs3MXhxalgxYjJuX0pHWDg2MU9vUWRlU001Q3czYXJrQjFFWEZEUHBPWHFpLVpfNUhSUXN0REFhdXJ3RFpZbjJ1Ukg?oc=5\" target=\"_blank\" rel=\"nofollow noopener\">Recension: \u201dAvatar: Fire and Ash\u201d av James Cameron<\/a>&nbsp;&nbsp;SVT Nyheter<\/li>\n<li><a href=\"https:\/\/news.google.com\/rss\/articles\/CBMigAFBVV95cUxOZExxSWtaR0VSYzN6aDQzQmNTN3lYQnZCSF92Rks3blNUdDN3bVBFb05mTldta3pJWURpelhOM3B3Q1J3VjlQREZyUmp0OXdPZFJkOWJlX2V3dEQ1WUtuYk1hc2VXSHl3RVBiRWprdGhUN0tRNjZiRzJDcVc5czBKNA?oc=5\" target=\"_blank\" rel=\"nofollow noopener\">Nya \u201dAvatar\u201d s\u00e5gas: AI-slask med dialog ur lyckokakor<\/a>&nbsp;&nbsp;Omni<\/li>\n<li><a href=\"https:\/\/news.google.com\/rss\/articles\/CBMic0FVX3lxTE01a3pmaWh3NktNemRFT1dSZm4wYzlQOHZtLVh4ODZ6UTlIWjlKSjBlVFd1MzFGMDhCU0Z6eElUZDctWVNBM3ZMOVY3WldZaE40SG5Vby1qb2JZWURLcnp0dXhmRmJjNUNCT2VvMVVxb0ZEOFE?oc=5\" target=\"_blank\" rel=\"nofollow noopener\">Varf\u00f6r skulle n\u00e5gon vilja se \u00e4nnu en Avatar-film?<\/a>&nbsp;&nbsp;SvD<\/li>\n<li><a href=\"https:\/\/news.google.com\/rss\/articles\/CBMidEFVX3lxTFBxTGc0RjVMOGFCRDBLSFE0bGNvNnE2aDVWUnFzUnVrUUhrSU1sZXRkTHJ4MHNLWW54cGhYci1icEVDOVBUN1JjVVZfZU43clZ4NlItQzQ5TDZEQmVINHNXbjJiOG9uU3NwV3B6dW9fRWw4SUpO?oc=5\" target=\"_blank\" rel=\"nofollow noopener\">F\u00e4rgsprakande floskelfest med \u201ddaddy issues\u201d<\/a>&nbsp;&nbsp;flamman.se<\/li>\n<\/ol>\n","protected":false},"excerpt":{"rendered":"Nya \u201dAvatar&#8221; dominerade biohelgen&nbsp;&nbsp;V\u00e4sterbottens-Kuriren Recension: \u201dAvatar: Fire and Ash\u201d av James Cameron&nbsp;&nbsp;SVT Nyheter Nya \u201dAvatar\u201d s\u00e5gas: AI-slask med&hellip;\n","protected":false},"author":2,"featured_media":113073,"comment_status":"","ping_status":"","sticky":false,"template":"","format":"standard","meta":{"footnotes":""},"categories":[67],"tags":[104,34,31,33,32,30,105],"class_list":{"0":"post-113072","1":"post","2":"type-post","3":"status-publish","4":"format-standard","5":"has-post-thumbnail","7":"category-underhallning","8":"tag-entertainment","9":"tag-se","10":"tag-svenska","11":"tag-sverige","12":"tag-sweden","13":"tag-swedish","14":"tag-underhallning"},"share_on_mastodon":{"url":"https:\/\/pubeurope.com\/@se\/115758897828007692","error":""},"_links":{"self":[{"href":"https:\/\/www.europesays.com\/se\/wp-json\/wp\/v2\/posts\/113072","targetHints":{"allow":["GET"]}}],"collection":[{"href":"https:\/\/www.europesays.com\/se\/wp-json\/wp\/v2\/posts"}],"about":[{"href":"https:\/\/www.europesays.com\/se\/wp-json\/wp\/v2\/types\/post"}],"author":[{"embeddable":true,"href":"https:\/\/www.europesays.com\/se\/wp-json\/wp\/v2\/users\/2"}],"replies":[{"embeddable":true,"href":"https:\/\/www.europesays.com\/se\/wp-json\/wp\/v2\/comments?post=113072"}],"version-history":[{"count":0,"href":"https:\/\/www.europesays.com\/se\/wp-json\/wp\/v2\/posts\/113072\/revisions"}],"wp:featuredmedia":[{"embeddable":true,"href":"https:\/\/www.europesays.com\/se\/wp-json\/wp\/v2\/media\/113073"}],"wp:attachment":[{"href":"https:\/\/www.europesays.com\/se\/wp-json\/wp\/v2\/media?parent=113072"}],"wp:term":[{"taxonomy":"category","embeddable":true,"href":"https:\/\/www.europesays.com\/se\/wp-json\/wp\/v2\/categories?post=113072"},{"taxonomy":"post_tag","embeddable":true,"href":"https:\/\/www.europesays.com\/se\/wp-json\/wp\/v2\/tags?post=113072"}],"curies":[{"name":"wp","href":"https:\/\/api.w.org\/{rel}","templated":true}]}}