{"id":113074,"date":"2025-12-21T18:10:46","date_gmt":"2025-12-21T18:10:46","guid":{"rendered":"https:\/\/www.europesays.com\/se\/113074\/"},"modified":"2025-12-21T18:10:46","modified_gmt":"2025-12-21T18:10:46","slug":"nvidia-nedgraderas-varning-for-korrigering-2027","status":"publish","type":"post","link":"https:\/\/www.europesays.com\/se\/113074\/","title":{"rendered":"Nvidia nedgraderas \u2013 varning f\u00f6r korrigering 2027"},"content":{"rendered":"<p><strong>Nvidia f\u00e5r en s\u00e4nkt rekommendation i en ny analys d\u00e4r skribenten Oliver Rodzianko g\u00e5r fr\u00e5n en mer positiv syn till att landa i \u201dbeh\u00e5ll\u201d. Motiveringen \u00e4r att v\u00e4rderingen bed\u00f6ms vara f\u00f6r h\u00f6g och att f\u00f6rh\u00e5llandet mellan risk och m\u00f6jlig avkastning har f\u00f6rs\u00e4mrats, trots att aktien enligt honom kan forts\u00e4tta upp en tid.\u00a0<\/strong><\/p>\n<p>I texten lyfter Rodzianko fram att AI-boomen p\u00e5 flera s\u00e4tt p\u00e5minner om perioden f\u00f6re it-kraschen kring millennieskiftet, d\u00e4r starka ber\u00e4ttelser drev upp v\u00e4rderingarna och d\u00e4r v\u00e4ndningen kom n\u00e4r f\u00f6rv\u00e4ntningarna inte l\u00e4ngre bar. Han n\u00e4mner ocks\u00e5 att han numera ser mer po\u00e4ng i varningar som tidigare framf\u00f6rts av profiler som Michael Burry och Ray Dalio, \u00e4ven om han inte vill beskriva l\u00e4get som en \u201dbubbla\u201d.<\/p>\n<p>Trimmar AI-exponering och pekar ut 2027 som risk\u00e5r<\/p>\n<p>Rodzianko skriver att han redan minskat sin exponering och planerar att forts\u00e4tta reducera under f\u00f6rsta halv\u00e5ret 2026. Han beskriver ett scenario d\u00e4r 2026 kan pr\u00e4glas av konsolidering och att en st\u00f6rre nedg\u00e5ng kan komma under 2027, innan riskaptiten \u00e5terv\u00e4nder under 2028.<\/p>\n<p>Samtidigt g\u00f6r han en \u00e5tskillnad mellan Nvidia och de st\u00f6rsta techbolagen. Enligt honom kan akt\u00f6rer som Amazon, Microsoft och Meta st\u00e5 emot b\u00e4ttre om deras fria kassafl\u00f6den f\u00f6rb\u00e4ttras, \u00e4ven om sentimentet kring AI enligt honom \u00e4r \u00f6verstr\u00e4ckt.<\/p>\n<p>Fokus p\u00e5 capex, el och avkastningskrav<\/p>\n<p>Ett \u00e5terkommande tema \u00e4r att AI-satsningarna inte kan v\u00e4xa i samma takt f\u00f6r evigt. Rodzianko pekar p\u00e5 tre typer av begr\u00e4nsningar:<\/p>\n<p>\u2013 energif\u00f6rs\u00f6rjning och elpriser<br \/>\u2013 h\u00e5rdare krav p\u00e5 m\u00e4tbar avkastning p\u00e5 AI-projekt<br \/>\u2013 risken att marknaden prisar in \u201dperfekta\u201d utfall<\/p>\n<p>Budskapet \u00e4r att \u00e4ven om tekniken i sig kan vara omv\u00e4lvande, betyder det inte att aktiekurser alltid speglar en rimlig riskniv\u00e5. I hans tolkning \u00e4r det just kombinationen av h\u00f6ga f\u00f6rv\u00e4ntningar, stora investeringsprogram och snabbt uppdrivna v\u00e4rderingar som g\u00f6r AI-sektorn k\u00e4nslig om ber\u00e4ttelsen b\u00f6rjar krackelera.<\/p>\n<p><strong>K\u00e4llor: <\/strong>Seeking Alpha, Oliver Rodzianko, \u201dNvidia: I&#8217;m A Convert, A Big Decline Is Probably Coming (Rating \u00a0Downgrade)\u201d, published December 2025.\u00a0<br \/>\nFakta:<\/p>\n<p>\u2013 Analysen \u00e4r en marknadskommentar och ingen officiell prognos fr\u00e5n Nvidia.<br \/>\u2013 Prognoser om specifika \u00e5rtal (som 2027) bygger p\u00e5 antaganden om investeringscykler och sentiment, inte p\u00e5 bekr\u00e4ftade beslut om minskade AI-investeringar.<\/p>\n<p>\u00a0<\/p>\n","protected":false},"excerpt":{"rendered":"Nvidia f\u00e5r en s\u00e4nkt rekommendation i en ny analys d\u00e4r skribenten Oliver Rodzianko g\u00e5r fr\u00e5n en mer positiv&hellip;\n","protected":false},"author":2,"featured_media":113075,"comment_status":"","ping_status":"","sticky":false,"template":"","format":"standard","meta":{"footnotes":""},"categories":[65],"tags":[72,70,71,34,31,33,32,30],"class_list":{"0":"post-113074","1":"post","2":"type-post","3":"status-publish","4":"format-standard","5":"has-post-thumbnail","7":"category-ekonomi","8":"tag-business","9":"tag-economy","10":"tag-ekonomi","11":"tag-se","12":"tag-svenska","13":"tag-sverige","14":"tag-sweden","15":"tag-swedish"},"share_on_mastodon":{"url":"https:\/\/pubeurope.com\/@se\/115758905670663545","error":""},"_links":{"self":[{"href":"https:\/\/www.europesays.com\/se\/wp-json\/wp\/v2\/posts\/113074","targetHints":{"allow":["GET"]}}],"collection":[{"href":"https:\/\/www.europesays.com\/se\/wp-json\/wp\/v2\/posts"}],"about":[{"href":"https:\/\/www.europesays.com\/se\/wp-json\/wp\/v2\/types\/post"}],"author":[{"embeddable":true,"href":"https:\/\/www.europesays.com\/se\/wp-json\/wp\/v2\/users\/2"}],"replies":[{"embeddable":true,"href":"https:\/\/www.europesays.com\/se\/wp-json\/wp\/v2\/comments?post=113074"}],"version-history":[{"count":0,"href":"https:\/\/www.europesays.com\/se\/wp-json\/wp\/v2\/posts\/113074\/revisions"}],"wp:featuredmedia":[{"embeddable":true,"href":"https:\/\/www.europesays.com\/se\/wp-json\/wp\/v2\/media\/113075"}],"wp:attachment":[{"href":"https:\/\/www.europesays.com\/se\/wp-json\/wp\/v2\/media?parent=113074"}],"wp:term":[{"taxonomy":"category","embeddable":true,"href":"https:\/\/www.europesays.com\/se\/wp-json\/wp\/v2\/categories?post=113074"},{"taxonomy":"post_tag","embeddable":true,"href":"https:\/\/www.europesays.com\/se\/wp-json\/wp\/v2\/tags?post=113074"}],"curies":[{"name":"wp","href":"https:\/\/api.w.org\/{rel}","templated":true}]}}