{"id":113080,"date":"2025-12-21T18:17:35","date_gmt":"2025-12-21T18:17:35","guid":{"rendered":"https:\/\/www.europesays.com\/se\/113080\/"},"modified":"2025-12-21T18:17:35","modified_gmt":"2025-12-21T18:17:35","slug":"joakim-lundell-var-inget-heligt-undantag","status":"publish","type":"post","link":"https:\/\/www.europesays.com\/se\/113080\/","title":{"rendered":"Joakim Lundell var inget heligt undantag"},"content":{"rendered":"<p>Victor Malm<\/p>\n<p>Publicerad 21 dec 2025 kl 05.00Uppdaterad kl 07.36<\/p>\n<p>Granskningen av Joakim Lundell blottl\u00e4gger en av samtidens mest laddade fr\u00e5gor.<\/p>\n<p>Victor Malm unders\u00f6ker var gr\u00e4nsen g\u00e5r mellan empati, autenticitet och kritisk pr\u00f6vning.<\/p>\n<p><img   alt=\"\"\/><\/p>\n<p>Joakim Lundell i SVT:s tredelade granskning \u201dHatet\u201d.<\/p>\n<p>Foto: SVT<\/p>\n<p>\u00d6ppna bild i helsk\u00e4rm<img loading=\"lazy\"   alt=\"\"\/><\/p>\n<p>Joakim Lundell \u00e4r en av Sveriges st\u00f6rsta influencers.<\/p>\n<p>Foto: Fredrik Sandberg\/TT<\/p>\n<p>\u00d6ppna bild i helsk\u00e4rm<img   alt=\"\"\/>Victor Malm<\/p>\n<p><strong>KR\u00d6NIKA.<\/strong> Ingen kan bevisa att <strong>Joakim Lundell <\/strong>ljuger om att han som barn blev tortyrmisshandlad av sin mamma.\u00a0<\/p>\n<p>Det \u00e4r dock ett trivialt p\u00e5st\u00e5ende.\u00a0<\/p>\n<p>Med mindre \u00e4n att det visar sig att Socialstyrelsen bevakade hans uppv\u00e4xt med CCTV \u2013 och banden l\u00e4cker \u2013 \u00e4r det om\u00f6jligt: han minns n\u00e5got, hans mamma och familj minns n\u00e5got annat. Och minnen \u00e4r minnen, det g\u00e5r inte att unders\u00f6ka dem med mikroskop.<\/p>\n<p>I sista delen av <strong>Bo-G\u00f6ran Bodins<\/strong> granskning \u201dHatet\u201d framkommer det emellertid att tortyrminnena tr\u00e4ngde fram sent, n\u00e4r Lundell var 31 och (lustigt nog) skulle skriva en bok om sin uppv\u00e4xt, vilket b\u00f6r f\u00e5 ocks\u00e5 den mest v\u00e4lvilliga att tvivla. Borttr\u00e4ngda minnen \u00e4r pseudovetenskapligt slagg fr\u00e5n <strong>Freud<\/strong>. Jag ifr\u00e5gas\u00e4tter inte att han hade en fruktansv\u00e4rd uppv\u00e4xt. Men just d\u00e4rf\u00f6r \u00e4r det lockande att l\u00e5ta ber\u00e4ttelsen slippa pr\u00f6vning.\u00a0<\/p>\n<p>\u00c5 ena sidan handlar fr\u00e5gan i \u201dHatet\u201d om vad man f\u00e5r ber\u00e4tta offentligt om en fruktansv\u00e4rt uppv\u00e4xt \u00e5 ena sidan, och \u00e5 andra sidan hur medier ska f\u00f6rh\u00e5lla sig till s\u00e5dana ber\u00e4ttelser. Lita p\u00e5 eller ifr\u00e5gas\u00e4tta den som s\u00e4ger sig vara traumatiserad?\u00a0<\/p>\n<blockquote><p>Man vill tro att k\u00e4ndisar \u00e4r hundra procent uppriktiga \u00e5ret runt, hela tiden.<\/p><\/blockquote>\n<p>Fr\u00e5gan \u00e4r enorm och k\u00e4nslig, ber\u00f6r grundpelarna i offentlighetens ideologi: \u201dSommar i P1\u201d, \u201dMin sanning\u201d, verklighetslitteraturen, reality-tv, den personliga ess\u00e4n, influencerkultur och k\u00e4ndisars traumaber\u00e4ttelser \u00e4r alla exempel p\u00e5 samma sak. I lika h\u00f6g grad som sanning idealiserar offentligheten autenticitet, men n\u00e4r de hamnar i konflikt vinner k\u00e4rleken till det \u00e4kta. Den som ifr\u00e5gas\u00e4tter ber\u00e4ttelsernas sanningshalt anses suspekt.<\/p>\n<p>Det var s\u00e5 h\u00e4r jag upplevde det, allts\u00e5 \u00e4r det sant f\u00f6r mig.\u00a0<\/p>\n<p>Men inte bara f\u00f6r mig.<\/p>\n<p>Eftersom jag s\u00e4ger det ska du acceptera det som sant.\u00a0<\/p>\n<p>Den v\u00e4ndningen \u00e4r lika bekymmersam som definierande f\u00f6r v\u00e5r tid. Det h\u00e4nder att medier och f\u00f6rlag v\u00e4grar g\u00e5 med p\u00e5 denna premiss, som nu SVT, men fallen \u00e4r undantag.\u00a0<\/p>\n<p>T\u00e4nk sj\u00e4lva \u2013 faktagranska \u201dSommar i P1\u201d!<\/p>\n<p>Galenskap.<\/p>\n<p>Man vill tro att k\u00e4ndisar \u00e4r hundra procent uppriktiga \u00e5ret runt, hela tiden.\u00a0<\/p>\n<p>Oftast h\u00e5ller sig journalistiken med ett ideal som p\u00e5minner om vetenskapens, p\u00e5st\u00e5enden ska vara verifierbara, men ibland, som i fallet <a href=\"https:\/\/www.expressen.se\/tagg\/person\/joakim-lundell\/\" class=\"\" rel=\"nofollow noopener\" target=\"_blank\">Joakim Lundell<\/a>, f\u00e5r det personliga vittnesm\u00e5let undantagstillst\u00e5nd och breder ut sig i tv-soffor och intervjuer. Detta \u00e4r en sorts l\u00e4ckage. I den bredare kulturen r\u00e5der ett uppriktighetsideal: prestige tillfaller dem som med finess uttrycker personliga erfarenheter, helst traumatiska. Kritiken mot Bo-G\u00f6ran Bodin visar dessv\u00e4rre att sanningss\u00f6karen som g\u00e5r konflikt med detta ideal blir dubi\u00f6s.<\/p>\n<p><img loading=\"lazy\"   alt=\"\"\/><\/p>\n<p>Faktagranska alla personliga ber\u00e4ttelser i Bibi R\u00f6d\u00f6\u00f6s \u201dSommar i P1\u201d? Galenskap, menar Victor Malm.<\/p>\n<p>Foto: JONAS EKSTR\u00d6MER\/TT<\/p>\n<p>\u00d6ppna bild i helsk\u00e4rm<\/p>\n<p>I ett efterord till \u201dDe hemliga breven\u201d, en granskning av <strong>Jan Myrdals <\/strong>uppv\u00e4xtskildring \u201dBarndom\u201d, j\u00e4mf\u00f6r hans son <strong>Janken Myrdal<\/strong> boken med den medeltida kr\u00f6nikan. En genre som i regel var best\u00e4lld av makthavare, ibland av h\u00f6g litter\u00e4r kvalitet, men s\u00e4llan den korrekta bilden av ett skeende. \u201dSomliga akt\u00f6rer f\u00f6rh\u00e4rligas och andra f\u00f6rtalas\u201d, skriver Janken Myrdal. Som medeltidshistoriker understryker han sj\u00e4lvklarheten i att uts\u00e4tta dessa kr\u00f6nikor f\u00f6r k\u00e4llkritik. Samma sak g\u00e4ller \u00e4ven sj\u00e4lvbiografier. Det \u00e4r inte ett radikalt p\u00e5st\u00e5ende. \u00c4nd\u00e5 s\u00e4ger den kulturella st\u00e4mningen att detta \u00e4r tvivelaktigt, rentav dilettantiskt.<\/p>\n<p>Annons<\/p>\n<p>M\u00e5nga vanliga m\u00e4nniskor \u2013 mammor, pappor, barn \u2013 drabbas n\u00e4r ber\u00f6mda m\u00e4nniskor skriver sina sj\u00e4lvbiografier och inte bara f\u00f6r att de eventuellt beljugs. Allt privat h\u00f6r inte hemma i offentligheten, det \u00e4r f\u00f6rtalslagstiftningens insikt. Och i st\u00e4llet f\u00f6r att f\u00f6rst\u00e4rka den tilltro som k\u00e4ndiskulturer automatiskt tillm\u00e4ter k\u00e4ndisar borde vi d\u00e4rf\u00f6r, menar Janken Myrdal, unders\u00f6ka sj\u00e4lvbiografiernas p\u00e5st\u00e5enden och tendens. Syftar skildringen till sanningen, eller vill den framst\u00e4lla f\u00f6rfattaren som god och framg\u00e5ngsrik, moraliskt r\u00e4ttf\u00e4rdig, och hans fiender som ondskefulla j\u00e4vlar?\u00a0<\/p>\n<p>Det \u00e4r just med denna metod, ett toppenarv fr\u00e5n upplysningen, som Bo-G\u00f6ran Bodin tagit sig an Joakim Lundell.<\/p>\n<p>Hur kan det vara kontroversiellt?<\/p>\n<p>Den personliga ber\u00e4ttelsens tyranni m\u00e5ste f\u00e5 ett slut.\u00a0<\/p>\n<p>Victor Malm \u00e4r kulturchef p\u00e5 Expressen.<\/p>\n","protected":false},"excerpt":{"rendered":"Victor Malm Publicerad 21 dec 2025 kl 05.00Uppdaterad kl 07.36 Granskningen av Joakim Lundell blottl\u00e4gger en av samtidens&hellip;\n","protected":false},"author":2,"featured_media":113081,"comment_status":"","ping_status":"","sticky":false,"template":"","format":"standard","meta":{"footnotes":""},"categories":[67],"tags":[104,12358,4649,361,2470,34,1676,31,33,32,30,105],"class_list":{"0":"post-113080","1":"post","2":"type-post","3":"status-publish","4":"format-standard","5":"has-post-thumbnail","7":"category-underhallning","8":"tag-entertainment","9":"tag-organization-min-sanning","10":"tag-organization-socialstyrelsen","11":"tag-organization-svt","12":"tag-person-joakim-lundell","13":"tag-se","14":"tag-sections-victormalm","15":"tag-svenska","16":"tag-sverige","17":"tag-sweden","18":"tag-swedish","19":"tag-underhallning"},"share_on_mastodon":{"url":"https:\/\/pubeurope.com\/@se\/115758933235944198","error":""},"_links":{"self":[{"href":"https:\/\/www.europesays.com\/se\/wp-json\/wp\/v2\/posts\/113080","targetHints":{"allow":["GET"]}}],"collection":[{"href":"https:\/\/www.europesays.com\/se\/wp-json\/wp\/v2\/posts"}],"about":[{"href":"https:\/\/www.europesays.com\/se\/wp-json\/wp\/v2\/types\/post"}],"author":[{"embeddable":true,"href":"https:\/\/www.europesays.com\/se\/wp-json\/wp\/v2\/users\/2"}],"replies":[{"embeddable":true,"href":"https:\/\/www.europesays.com\/se\/wp-json\/wp\/v2\/comments?post=113080"}],"version-history":[{"count":0,"href":"https:\/\/www.europesays.com\/se\/wp-json\/wp\/v2\/posts\/113080\/revisions"}],"wp:featuredmedia":[{"embeddable":true,"href":"https:\/\/www.europesays.com\/se\/wp-json\/wp\/v2\/media\/113081"}],"wp:attachment":[{"href":"https:\/\/www.europesays.com\/se\/wp-json\/wp\/v2\/media?parent=113080"}],"wp:term":[{"taxonomy":"category","embeddable":true,"href":"https:\/\/www.europesays.com\/se\/wp-json\/wp\/v2\/categories?post=113080"},{"taxonomy":"post_tag","embeddable":true,"href":"https:\/\/www.europesays.com\/se\/wp-json\/wp\/v2\/tags?post=113080"}],"curies":[{"name":"wp","href":"https:\/\/api.w.org\/{rel}","templated":true}]}}