{"id":113082,"date":"2025-12-21T18:18:11","date_gmt":"2025-12-21T18:18:11","guid":{"rendered":"https:\/\/www.europesays.com\/se\/113082\/"},"modified":"2025-12-21T18:18:11","modified_gmt":"2025-12-21T18:18:11","slug":"luke-havsvindkraftens-miljopaverkan-i-bottniska-viken-bor-utredas-battre-osterbotten","status":"publish","type":"post","link":"https:\/\/www.europesays.com\/se\/113082\/","title":{"rendered":"Luke: Havs\u00advindkraftens milj\u00f6p\u00e5verkan i Bottniska viken b\u00f6r utredas b\u00e4ttre | \u00d6sterbotten"},"content":{"rendered":"<p class=\"aw-1gybjub aw-5vja16 kEtdKx kmuxyA yle__article__paragraph\">Enligt Naturresurs\u00adinstitutet Lukes rapport st\u00f6der inte den nuvarande informationen en h\u00e5llbar planering.<\/p>\n<p><img decoding=\"async\" alt=\"Ett vindkraftverk sticker upp ur havet.\" src=\"https:\/\/www.europesays.com\/se\/wp-content\/uploads\/2025\/12\/39-1376364672c86f98335c.jpeg\" class=\"aw-1l9m598 hKVVvP\"\/><\/p>\n<p>\u00d6ppna bildvisare<\/p>\n<p>Flera storskaliga havsbaserade vindkraftparker planeras i Bottniska viken. Bild: Esa Syv\u00e4kuru \/ YleLyssna (du h\u00f6r en artificiell r\u00f6st) 2:54<\/p>\n<p class=\"aw-1gybjub aw-1p7kakr kEtdKx cEmitX yle__article__paragraph\">Storskalig havsbaserad vindkraft planeras i Bottniska viken, men omr\u00e5dets naturv\u00e4rden och vindkraftens inverkan \u00e4r \u00e4nnu till stor del h\u00f6ljda i dunkel.<\/p>\n<p class=\"aw-1gybjub aw-1p7kakr kEtdKx cEmitX yle__article__paragraph\">Enligt Lukes rapport \u00e4r den information man har i nul\u00e4get f\u00f6r sn\u00e4v f\u00f6r att st\u00f6dja en h\u00e5llbar planering som tar h\u00e4nsyn till helheten.<\/p>\n<p class=\"aw-1gybjub aw-1p7kakr kEtdKx cEmitX yle__article__paragraph\">Enligt Finlands nationella klimat- och energistrategi ska flera havsbaserade vindkraftomr\u00e5den i industriell storlek vara verksamma fram till \u00e5r 2035. F\u00f6r tillf\u00e4llet riktar sig planerna till Bottniska viken b\u00e5de p\u00e5 finska och svenska havsomr\u00e5den.<\/p>\n<p class=\"aw-1gybjub aw-1p7kakr kEtdKx cEmitX yle__article__paragraph\">\u00c4ven om enstaka vindkraftverks inverkan \u00e4r begr\u00e4nsade, kan storskaligt byggande ha en betydande helhetseffekt p\u00e5 omr\u00e5dets natur och n\u00e4ringslivet.<\/p>\n<p class=\"aw-1gybjub aw-1p7kakr kEtdKx cEmitX yle__article__paragraph\">I rapporten granskas i synnerhet milj\u00f6riskerna i Bottniska viken: effekterna p\u00e5 f\u00e5glar, fisk, s\u00e4lar och fiske.<\/p>\n<p class=\"aw-1gybjub aw-1p7kakr kEtdKx cEmitX yle__article__paragraph\">Enligt rapporten finns det f\u00f6r lite forskningsdata l\u00e4mpliga f\u00f6r Bottniska vikens specifika egenskaper. Det h\u00e4r g\u00f6r det sv\u00e5rt att tillf\u00f6rlitligt bed\u00f6ma milj\u00f6p\u00e5verkan och helhetseffekten s\u00e5 v\u00e4l som h\u00e5llbar regional planering.<\/p>\n<p>I sin rapport lyfter Luke fram fem s\u00e4rskilt viktiga omr\u00e5den f\u00f6r vidare forskning i Bottniska viken:<\/p>\n<p class=\"aw-1gybjub aw-1p7kakr kEtdKx cEmitX yle__article__paragraph\">1. Effekterna av magnetf\u00e4lt p\u00e5 laxens r\u00f6relser<\/p>\n<p class=\"aw-1gybjub aw-1p7kakr kEtdKx cEmitX yle__article__paragraph\">2. Betydelsen av utsj\u00f6grund som lekplatser f\u00f6r h\u00f6stlekande str\u00f6mming och sikl\u00f6ja<\/p>\n<p class=\"aw-1gybjub aw-1p7kakr kEtdKx cEmitX yle__article__paragraph\">3. Framtida f\u00f6r\u00e4ndringar i tr\u00e5lfiske av str\u00f6mming och havsbaserad vindkraft<\/p>\n<p class=\"aw-1gybjub aw-1p7kakr kEtdKx cEmitX yle__article__paragraph\">4. Risker med havsbaserad vindkraft f\u00f6r f\u00e5glar i \u00f6ppna havsomr\u00e5den<\/p>\n<p class=\"aw-1gybjub aw-1p7kakr kEtdKx cEmitX yle__article__paragraph\">5. Effekterna av havsbaserad vindkraft p\u00e5 vikarens levnadsf\u00f6rh\u00e5llanden i Bottenviken<\/p>\n<p class=\"aw-1gybjub aw-1p7kakr kEtdKx cEmitX yle__article__paragraph\">Rapporten betonar att \u00f6vervaknings- och \u00f6vervaknings\u00e5tg\u00e4rder b\u00f6r planeras i tid och i samarbete s\u00e5 att de kombinerade effekterna av stora vindkraftsparker kan beaktas s\u00e5 bra som m\u00f6jligt.<\/p>\n<p>Internationellt samarbete beh\u00f6vs<\/p>\n<p class=\"aw-1gybjub aw-1p7kakr kEtdKx cEmitX yle__article__paragraph\">Fiskens, s\u00e4larnas och f\u00e5glarnas r\u00f6relseomr\u00e5den, liksom tr\u00e5lfiskeomr\u00e5dena, \u00e4r betydligt st\u00f6rre \u00e4n enskilda vindkraftsparker. De st\u00f6rsta milj\u00f6riskerna \u00e4r just relaterade till de kombinerade effekterna av flera vindkraftsparker.<\/p>\n<p class=\"aw-1gybjub aw-1p7kakr kEtdKx cEmitX yle__article__paragraph\">Finland och Sverige har liknande f\u00f6rfaranden f\u00f6r att utse havsomr\u00e5den f\u00f6r vindkraftsanv\u00e4ndning, men en gemensam, tydlig planeringsmekanism saknas.<\/p>\n<p class=\"aw-1gybjub aw-1p7kakr kEtdKx cEmitX yle__article__paragraph\">\u201dDet \u00e4r viktigt att \u00f6ka det internationella samarbetet s\u00e5 att milj\u00f6p\u00e5verkan kan beaktas och de vindkraftsparker som planeras i Bottniska viken placeras p\u00e5 ett f\u00f6rnuftigt s\u00e4tt\u201d, betonar rapporten.<\/p>\n<p class=\"aw-1gybjub aw-1p7kakr kEtdKx cEmitX yle__article__paragraph\">Artikeln \u00e4r en \u00f6vers\u00e4ttning av <a class=\"aw-iao6s4 iHOxEa yle__article__link\" href=\"https:\/\/yle.fi\/a\/74-20198869\" role=\"link\" rel=\"nofollow noopener\" target=\"_blank\">Luonnonvarakeskus: Pohjanlahden merituulivoiman ymp\u00e4rist\u00f6vaikutuksista tarvitaan lis\u00e4\u00e4 tietoa<\/a> skriven av Merja Siiril\u00e4. \u00d6vers\u00e4ttning: <strong class=\"aw-ak79eh KyCXm yle__article__strong\">Juho Teir<\/strong>.<\/p>\n","protected":false},"excerpt":{"rendered":"Enligt Naturresurs\u00adinstitutet Lukes rapport st\u00f6der inte den nuvarande informationen en h\u00e5llbar planering. \u00d6ppna bildvisare Flera storskaliga havsbaserade vindkraftparker&hellip;\n","protected":false},"author":2,"featured_media":113083,"comment_status":"","ping_status":"","sticky":false,"template":"","format":"standard","meta":{"footnotes":""},"categories":[66],"tags":[12360,12361,12031,506,2736,12362,2300,80,78,79,34,31,33,32,30,81,84,83,82,1826,12359,12363],"class_list":{"0":"post-113082","1":"post","2":"type-post","3":"status-publish","4":"format-standard","5":"has-post-thumbnail","7":"category-vetenskap-och-teknik","8":"tag-bottniska-viken","9":"tag-havsomraden","10":"tag-klimatet","11":"tag-miljo","12":"tag-natur","13":"tag-naturskydd","14":"tag-osterbotten","15":"tag-science","16":"tag-science-and-technology","17":"tag-scienceandtechnology","18":"tag-se","19":"tag-svenska","20":"tag-sverige","21":"tag-sweden","22":"tag-swedish","23":"tag-technology","24":"tag-teknik","25":"tag-vetenskap","26":"tag-vetenskapteknik","27":"tag-vindkraft","28":"tag-vindkraftverk","29":"tag-vindparker"},"share_on_mastodon":{"url":"https:\/\/pubeurope.com\/@se\/115758937423008419","error":""},"_links":{"self":[{"href":"https:\/\/www.europesays.com\/se\/wp-json\/wp\/v2\/posts\/113082","targetHints":{"allow":["GET"]}}],"collection":[{"href":"https:\/\/www.europesays.com\/se\/wp-json\/wp\/v2\/posts"}],"about":[{"href":"https:\/\/www.europesays.com\/se\/wp-json\/wp\/v2\/types\/post"}],"author":[{"embeddable":true,"href":"https:\/\/www.europesays.com\/se\/wp-json\/wp\/v2\/users\/2"}],"replies":[{"embeddable":true,"href":"https:\/\/www.europesays.com\/se\/wp-json\/wp\/v2\/comments?post=113082"}],"version-history":[{"count":0,"href":"https:\/\/www.europesays.com\/se\/wp-json\/wp\/v2\/posts\/113082\/revisions"}],"wp:featuredmedia":[{"embeddable":true,"href":"https:\/\/www.europesays.com\/se\/wp-json\/wp\/v2\/media\/113083"}],"wp:attachment":[{"href":"https:\/\/www.europesays.com\/se\/wp-json\/wp\/v2\/media?parent=113082"}],"wp:term":[{"taxonomy":"category","embeddable":true,"href":"https:\/\/www.europesays.com\/se\/wp-json\/wp\/v2\/categories?post=113082"},{"taxonomy":"post_tag","embeddable":true,"href":"https:\/\/www.europesays.com\/se\/wp-json\/wp\/v2\/tags?post=113082"}],"curies":[{"name":"wp","href":"https:\/\/api.w.org\/{rel}","templated":true}]}}