{"id":113084,"date":"2025-12-21T18:19:16","date_gmt":"2025-12-21T18:19:16","guid":{"rendered":"https:\/\/www.europesays.com\/se\/113084\/"},"modified":"2025-12-21T18:19:16","modified_gmt":"2025-12-21T18:19:16","slug":"sa-paverkas-ditt-bolan-av-de-nya-reglerna-di","status":"publish","type":"post","link":"https:\/\/www.europesays.com\/se\/113084\/","title":{"rendered":"S\u00e5 p\u00e5verkas ditt bol\u00e5n av de nya reglerna &#8211; DI"},"content":{"rendered":"<ol>\n<li><a href=\"https:\/\/news.google.com\/rss\/articles\/CBMid0FVX3lxTE45eXMxenlNV1U0RlExN0xBYm1RNnJxLTFfeWYtSkk0dDdjUTNJaTBiS2o4Z0pyNzFaZjlxM2I4M0hWZl85M1RGaUdPUlFjQTBWSUZXcmUyZGx0STFMdXhrRDFQNGJOUTlGMnU2TENGdmNJMUJfTjBF?oc=5\" target=\"_blank\" rel=\"nofollow noopener\">S\u00e5 p\u00e5verkas ditt bol\u00e5n av de nya reglerna<\/a>&nbsp;&nbsp;DI<\/li>\n<li><a href=\"https:\/\/news.google.com\/rss\/articles\/CBMihgFBVV95cUxOUGF0OHd6TTZXWl9oRDYtRkNhNmJNS1FrUVpmRXFGaXlGY2VHel9sWDRMMmdtdEZGRXNieDBnaS1WNzZGaGZZR3NpQ1VrQk9jZ0xGTVZkZHJHZnA3UkktM2lJNkptWmVmZHlKMlgxcGtfQmwxamFQR2RMQlhrY1JHVnM1Y3pBdw?oc=5\" target=\"_blank\" rel=\"nofollow noopener\">Fredagens rekar: Matj\u00e4tten k\u00f6pst\u00e4mplas<\/a>&nbsp;&nbsp;Placera.se<\/li>\n<li><a href=\"https:\/\/news.google.com\/rss\/articles\/CBMimwFBVV95cUxOTkVwbGwyVkNUWFlpbmk3WUNwS2lwbUQwYS1sTGFKbkQ5cWt4QjM2WktuU2Q1RGpPT0sxb2JHVktVU2p0YmdMQ2hmZThuUVBuLThxUTlMTWJBb2ducnBYSlJKY3pnNFI3bVlrakl3NXVXS2RvM1pPUnRfeGM2engwQUtRTGNNeFdNNjJlNE1NcFBnRE9yOEhPN2Jtcw?oc=5\" target=\"_blank\" rel=\"nofollow noopener\">I Kristerssons Sverige \u00e4r det om\u00f6jligt att bli vuxen<\/a>&nbsp;&nbsp;Aftonbladet<\/li>\n<li><a href=\"https:\/\/news.google.com\/rss\/articles\/CBMitwFBVV95cUxQU1Vzd3Rsc1M2cnBkOTZOUFl4WXRidmxrTHUyTDFUSW1KU3V1b2R6ODhwQ0NNYWVfTFJMV3VrWXA0QmtYSWxZQzRHYTZsZF9tenZSQUZwNE9pSVNxSnZPbzUxTU9RcEtEbXRsaVJhV2t1UXRnbkVVSVY0Ym93cEFOU0VVc050Vk9UWmswNS01MkM2WEtwUkphUGtsWnNyeEMwblhQRWRPcDlKcHZJb0p3RURoMlhoMEE?oc=5\" target=\"_blank\" rel=\"nofollow noopener\">F\u00f6rslag p\u00e5 h\u00f6jt bol\u00e5netak och slopande av sk\u00e4rpt amorteringskrav<\/a>&nbsp;&nbsp;Regeringen.se<\/li>\n<li><a href=\"https:\/\/news.google.com\/rss\/articles\/CBMid0FVX3lxTE1TbDBpUE1mYWpFRk9CUEJHbVRNOWdEMDByVk85Tnk2S24yMmlxem4zOUhmeE5JbTM4d01USzJHNlNXQ2owamczWkpQMlZVcVdMUUZhSFQ2eFBYQktaTDdLM2tNc2pqU015VkpaaW9nb0hNYUw4d013?oc=5\" target=\"_blank\" rel=\"nofollow noopener\">Nya bol\u00e5neregler fr\u00e5n den 1 april<\/a>&nbsp;&nbsp;SVT Nyheter<\/li>\n<\/ol>\n","protected":false},"excerpt":{"rendered":"S\u00e5 p\u00e5verkas ditt bol\u00e5n av de nya reglerna&nbsp;&nbsp;DI Fredagens rekar: Matj\u00e4tten k\u00f6pst\u00e4mplas&nbsp;&nbsp;Placera.se I Kristerssons Sverige \u00e4r det om\u00f6jligt&hellip;\n","protected":false},"author":2,"featured_media":113085,"comment_status":"","ping_status":"","sticky":false,"template":"","format":"standard","meta":{"footnotes":""},"categories":[65],"tags":[72,70,71,34,31,33,32,30],"class_list":{"0":"post-113084","1":"post","2":"type-post","3":"status-publish","4":"format-standard","5":"has-post-thumbnail","7":"category-ekonomi","8":"tag-business","9":"tag-economy","10":"tag-ekonomi","11":"tag-se","12":"tag-svenska","13":"tag-sverige","14":"tag-sweden","15":"tag-swedish"},"share_on_mastodon":{"url":"https:\/\/pubeurope.com\/@se\/115758940998829795","error":""},"_links":{"self":[{"href":"https:\/\/www.europesays.com\/se\/wp-json\/wp\/v2\/posts\/113084","targetHints":{"allow":["GET"]}}],"collection":[{"href":"https:\/\/www.europesays.com\/se\/wp-json\/wp\/v2\/posts"}],"about":[{"href":"https:\/\/www.europesays.com\/se\/wp-json\/wp\/v2\/types\/post"}],"author":[{"embeddable":true,"href":"https:\/\/www.europesays.com\/se\/wp-json\/wp\/v2\/users\/2"}],"replies":[{"embeddable":true,"href":"https:\/\/www.europesays.com\/se\/wp-json\/wp\/v2\/comments?post=113084"}],"version-history":[{"count":0,"href":"https:\/\/www.europesays.com\/se\/wp-json\/wp\/v2\/posts\/113084\/revisions"}],"wp:featuredmedia":[{"embeddable":true,"href":"https:\/\/www.europesays.com\/se\/wp-json\/wp\/v2\/media\/113085"}],"wp:attachment":[{"href":"https:\/\/www.europesays.com\/se\/wp-json\/wp\/v2\/media?parent=113084"}],"wp:term":[{"taxonomy":"category","embeddable":true,"href":"https:\/\/www.europesays.com\/se\/wp-json\/wp\/v2\/categories?post=113084"},{"taxonomy":"post_tag","embeddable":true,"href":"https:\/\/www.europesays.com\/se\/wp-json\/wp\/v2\/tags?post=113084"}],"curies":[{"name":"wp","href":"https:\/\/api.w.org\/{rel}","templated":true}]}}