{"id":113086,"date":"2025-12-21T18:22:11","date_gmt":"2025-12-21T18:22:11","guid":{"rendered":"https:\/\/www.europesays.com\/se\/113086\/"},"modified":"2025-12-21T18:22:11","modified_gmt":"2025-12-21T18:22:11","slug":"det-ar-ju-kul-att-fixa-och-dona-till-jul","status":"publish","type":"post","link":"https:\/\/www.europesays.com\/se\/113086\/","title":{"rendered":"Det \u00e4r ju kul att fixa och dona till jul"},"content":{"rendered":"<p>Bilden ovan: Bosse Nilsson i Lindg\u00e5rdens k\u00f6k, n\u00e4r Horisont gjorde ett reportage d\u00e4rifr\u00e5n \u00e5r 2015. Matbilderna \u00e4r fr\u00e5n ett axplock av de mat-artiklar som Horisont publicerat under \u00e5ren (l\u00e4nkar till en del av dem finns l\u00e4ngst ned i denna artikel). Foto Karl Melander, Linda Berglund &amp; Christer Bj\u00f6hle.\u00a0<\/p>\n<p>\u00a0<\/p>\n<p style=\"font-weight: 400\"><strong>\u00c4r fusion och tidig konsumtion av julmat p\u00e5 v\u00e4g att hota julens tradition? <\/strong><\/p>\n<p style=\"font-weight: 400\"><strong>Horisont har pratat med Bosse Nilsson, kock med \u00f6ver 50 \u00e5rs erfarenhet, som ber\u00e4ttar om vad som verkligen betyder n\u00e5got p\u00e5 julbordet och varf\u00f6r han anser att vi b\u00f6r h\u00e5lla fast vid gamla traditioner.<\/strong><\/p>\n<p style=\"font-weight: 400\">Det finns f\u00e5 saker som \u00e4r s\u00e5 djupt rotade i svensk kultur som julmaten. Den svenska julmaten serveras oftast som ett julbord, d\u00e4r en buff\u00e9 i stil med ett sm\u00f6rg\u00e5sbord dukas upp. Flera olika r\u00e4tter st\u00e4lls fram, samtidigt eller i etapper i en blandning av b\u00e5de gamla och nyare traditioner. Kallt, sm\u00e5varmt, varmt. Vi har alla v\u00e5ra favoriter p\u00e5 julbordet. Vi har pratat med Bosse Nilsson, kock med \u00f6ver 50 \u00e5rs erfarenhet, om vad som \u00e4r viktigt f\u00f6r honom p\u00e5 julbordet och varf\u00f6r han tycker att vi b\u00f6r h\u00e5lla fast vid de gamla svenska traditionerna.<\/p>\n<p style=\"font-weight: 400\">Bosse Nilsson ber\u00e4ttar att han \u00e4r skeptisk till att b\u00f6rja f\u00f6r tidigt med julmaten eftersom han tycker att det t\u00f6jer p\u00e5 gr\u00e4nserna om vad julen faktiskt \u00e4r.<\/p>\n<p style=\"font-weight: 400\">\u2013Vi h\u00e5ller p\u00e5 att sudda ut alla gr\u00e4nser, det som har med traditioner att g\u00f6ra, tycker jag. Det finns inte heller n\u00e5gonting att l\u00e4ngta till l\u00e4ngre.<\/p>\n<p>\u00a0<\/p>\n<p style=\"font-weight: 400\"><strong>En bidragande faktor<\/strong> till att m\u00e5nga tr\u00f6ttnar p\u00e5 julmaten hade allts\u00e5 kunnat vara att de hoppar p\u00e5 den f\u00f6r tidigt. Det framkommer ocks\u00e5 att han \u00e4r tr\u00f6tt p\u00e5 att g\u00f6ra julmaten till n\u00e5gonting den inte \u00e4r och, enligt honom sj\u00e4lv, inte heller borde vara.<\/p>\n<p style=\"font-weight: 400\">\u2013Vi \u00e4ter det h\u00e4r en g\u00e5ng om \u00e5ret, d\u00e4rf\u00f6r tycker jag att man kan h\u00e5lla det traditionellt. Varf\u00f6r ska man blanda in andra k\u00f6k i v\u00e5r egen traditionella mat? Folk \u00e4r tr\u00f6tta p\u00e5 julmat, s\u00e4ger de. Men det \u00e4r aldrig n\u00e5gon som blir tr\u00f6tt p\u00e5 capricciosa. Eller Big Mac.<\/p>\n<p style=\"font-weight: 400\">Bosse Nilsson f\u00f6respr\u00e5kar ist\u00e4llet traditionell, hemlagad mat till jul. G\u00e4rna mat som \u00e4r gjord fr\u00e5n grunden. Han tycker att vi anv\u00e4nder v\u00e5ra fina k\u00f6k f\u00f6r lite i Sverige och att hemlagat b\u00e5de smakar b\u00e4ttre och att matlagning \u00e4r en del av vad som \u00e4r mysigt med julen och dess f\u00f6rberedelser.<\/p>\n<p style=\"font-weight: 400\">\u2013Det \u00e4r ju kul att h\u00e5lla p\u00e5 och fixa och dona till jul.<\/p>\n<p style=\"font-weight: 400\">Han uppmanar \u00e4ven till att g\u00e5 ihop med andra och laga mat tillsammans, ist\u00e4llet f\u00f6r att k\u00f6pa f\u00e4rdiga produkter. Fisken \u00e4r, f\u00f6r honom, det viktigaste p\u00e5 julbordet. Kanske \u00e4r det d\u00e4rf\u00f6r han kritiserar den f\u00e4rdigk\u00f6pta sillen, den gjord p\u00e5 skarpsill som s\u00e4ljs i burk f\u00f6r bara n\u00e5gra kronor. Han rekommenderar ist\u00e4llet att testa att g\u00f6ra egen sill p\u00e5 islandssill.<\/p>\n<p style=\"font-weight: 400\">\u2013\u00c4r inte sillen och str\u00f6mmingen bra kan man strunta i det andra. Det finns ett gammalt tales\u00e4tt som lyder &#8221;Det svenska sm\u00f6rg\u00e5sbordet st\u00e5r och faller med sillen\u201d.<\/p>\n<p style=\"font-weight: 400\">Han tipsar \u00e4ven varmt om att g\u00f6ra sillsallad, en r\u00e4tt som annars n\u00e4stan f\u00f6rsvunnit.<\/p>\n<p>\u00a0<\/p>\n<p style=\"font-weight: 400\"><strong>Sillsalladen g\u00f6r han<\/strong> genom att f\u00f6r hand sk\u00e4ra upp en god inlagd (hemgjord) sill som r\u00f6rs samman med potatis, l\u00f6k, \u00e4pplen, \u00e4ttiksgurka, riven pepparrot och lite senapss\u00e5s. Receptet han anv\u00e4nder fick han till sig p\u00e5 restaurangskolan 1972. Tricket \u00e4r att riva ner lite pepparrot och att ha i gravlaxs\u00e5s vilket ocks\u00e5 ger salladen en fin glans.<\/p>\n<p style=\"font-weight: 400\">\u2013Det \u00e4r s\u00e5 gott att klockorna stannar.<\/p>\n<p>Sillsallad, hur gott l\u00e5ter det liksom? Men g\u00f6r man det p\u00e5 r\u00e4tt s\u00e4tt s\u00e5 blir det j\u00e4ttegott!<\/p>\n<p style=\"font-weight: 400\">En tradition han d\u00e4remot tycker att man kan skippa \u00e4r grisf\u00f6tterna. Kanske beh\u00f6ver man inte heller ha all sorts sylta p\u00e5 julbordet, \u00e4ven om han sj\u00e4lv tycker att det kan vara b\u00e5de nyttigt och gott. Men sillen, str\u00f6mmingen och laxen ska man ha! Det g\u00e5r inte att ta bort.<\/p>\n<ul>\n<li>Horisont tr\u00e4ffade Bosse Nilsson i ett reportage i nr 16, 2015; d\u00e5 var han k\u00f6ksm\u00e4stare p\u00e5 anrika Lindg\u00e5rden i Visby innerstad. <a href=\"https:\/\/www.horisontmagasin.se\/premium\/47-arig-mattradition-lever-vidare-i-ny-regi\/\" rel=\"nofollow noopener\" target=\"_blank\"><strong>L\u00e4s hela reportaget h\u00e4r<\/strong><\/a>.<\/li>\n<\/ul>\n<p>\u00a0<\/p>\n<p>I de 40 f\u00f6rsta numren som Horisont gav ut <strong>bes\u00f6kte vi krogar och restauranger \u00f6ver hela \u00f6n<\/strong> och pratade mat med kockar, k\u00f6ksm\u00e4stare och restaurang\u00e4gare, som ocks\u00e5 delade med sig av n\u00e5gra av sina recept. <\/p>\n<p>H\u00e4r nedan f\u00f6ljer <strong style=\"color: #800080\">ett litet axplock av alla recept<\/strong> vi publicerat, som inspiration inf\u00f6r julen. Klicka p\u00e5 respektive l\u00e4nk s\u00e5 hittar du hela reportagen samt fler recept.\u00a0<\/p>\n<p>\u00a0<\/p>\n<p><img loading=\"lazy\" decoding=\"async\" class=\"alignnone size-medium wp-image-7554111 lazyload\" src=\"https:\/\/www.europesays.com\/se\/wp-content\/uploads\/2025\/12\/senap-o-kumminsill-KM-300x155.jpg\" alt=\"\" width=\"300\" height=\"155\" style=\"--smush-placeholder-width: 300px; --smush-placeholder-aspect-ratio: 300\/155;\"\/><\/p>\n<p>Foto Karl Melander.\u00a0<\/p>\n<p><strong>SENAP- och KUMMINSILL (4 pers)<\/strong><\/p>\n<p>Du beh\u00f6ver:\u00a0<\/p>\n<p>200 gram minutsill eller ursaltade sillfil\u00e9er<\/p>\n<p>1 msk dijonsenap<\/p>\n<p>1 msk s\u00f6t senap<\/p>\n<p>1 msk grov cidervin\u00e4gersenap<\/p>\n<p>1 tsk honung<\/p>\n<p>1 tsk kummin<\/p>\n<p>Salt och peppar<\/p>\n<p><strong>Receptet kommer fr\u00e5n Josefin Qwiberg och Marc Enderborg p\u00e5 Gula H\u00f6nan i Ronehamn, som i Horisont nr 19\/ december 2015 <a href=\"https:\/\/www.horisontmagasin.se\/premium\/experimentlusta-i-traditionell-miljo\/\" rel=\"nofollow noopener\" target=\"_blank\">tipsade om sina b\u00e4sta sill- och snapsrecept<\/a> inf\u00f6r julen.\u00a0<\/strong><\/p>\n<p>\u00a0<\/p>\n<p><img loading=\"lazy\" decoding=\"async\" class=\"alignnone size-medium wp-image-7554115 lazyload\" src=\"https:\/\/www.europesays.com\/se\/wp-content\/uploads\/2025\/12\/Matjesillpaj-H3-LB-300x155.jpg\" alt=\"\" width=\"300\" height=\"155\" style=\"--smush-placeholder-width: 300px; --smush-placeholder-aspect-ratio: 300\/155;\"\/><\/p>\n<p>Foto Linda Berglund.\u00a0<\/p>\n<p><strong>MATJESILLPAJ<\/strong><\/p>\n<p><strong>Till pajskalet beh\u00f6ver du:\u00a0<\/strong><\/p>\n<p>2 dl vetemj\u00f6l<\/p>\n<p>1 dl fullkornsdinkel<\/p>\n<p>100 gram sm\u00f6r<\/p>\n<p>2 msk kallt vatten<\/p>\n<p><strong>G\u00f6r s\u00e5 h\u00e4r:\u00a0<\/strong><\/p>\n<p>Blanda alla ingredienser.\u00a0<\/p>\n<p>Tryck ut degen i en pajform.<\/p>\n<p>F\u00f6rgr\u00e4dda p\u00e5 175 grader i cirka tio minuter.\u00a0<\/p>\n<p><strong>Till fyllningen beh\u00f6ver du:\u00a0<\/strong><\/p>\n<p>1 burk matjesill<\/p>\n<p>3 \u00e4gg<\/p>\n<p>3 dl gr\u00e4ddfil<\/p>\n<p>1 purjol\u00f6k<\/p>\n<p>1 kruka gr\u00e4sl\u00f6k<\/p>\n<p>1 knippe dill<\/p>\n<p>2 dl riven v\u00e4sterbottenost<\/p>\n<p>1 r\u00f6d l\u00f6k<\/p>\n<p><strong>G\u00f6r s\u00e5 h\u00e4r:\u00a0<\/strong><\/p>\n<p>Vispa \u00e4ggen och blanda med gr\u00e4ddfil.\u00a0<\/p>\n<p>Hacka matjesill, purjol\u00f6k, gr\u00e4sl\u00f6k och dill.<\/p>\n<p>R\u00f6r ihop allt det hackade med \u00e4gg-gr\u00e4ddfilblandningen och v\u00e4sterbottenosten och h\u00e4ll blandningen i pajskalet.\u00a0<\/p>\n<p>Sk\u00e4r r\u00f6dl\u00f6ken i ringar och l\u00e4gg p\u00e5 pajen.<\/p>\n<p>Gr\u00e4dda p\u00e5 175 grader i cirka 20\u201330 minuter.\u00a0<\/p>\n<p><strong>F\u00f6r extra sill vid sidan om beh\u00f6ver du:<\/strong>\u00a0<\/p>\n<p>Sill<\/p>\n<p>Citron<\/p>\n<p>Dill<\/p>\n<p>Purjol\u00f6k<\/p>\n<p>R\u00f6dl\u00f6k<\/p>\n<p>Ev gr\u00e4ddfil<\/p>\n<p><strong>G\u00f6r s\u00e5 h\u00e4r:\u00a0<\/strong><\/p>\n<p>Sk\u00e4r alla ingredienser i mindre bitar, och bland sedan dem alla i en sk\u00e5l eller burk.\u00a0<\/p>\n<p>Gott med gr\u00e4ddfil till.<\/p>\n<p><strong>Receptet kommer fr\u00e5n Eva Hejdenberg och Jonas Hellstr\u00f6m p\u00e5 Leva kungslador, som i Horisont nr 3\/ sommaren 2014 bj\u00f6d p\u00e5 tips inf\u00f6r midsommar.\u00a0<\/strong><\/p>\n<p>\u00a0<\/p>\n<p><img loading=\"lazy\" decoding=\"async\" class=\"alignnone size-medium wp-image-7554106 lazyload\" src=\"https:\/\/www.europesays.com\/se\/wp-content\/uploads\/2025\/12\/Lax-300x155.jpg\" alt=\"\" width=\"300\" height=\"155\" style=\"--smush-placeholder-width: 300px; --smush-placeholder-aspect-ratio: 300\/155;\"\/><\/p>\n<p>Foto Linda Berglund.\u00a0<\/p>\n<p><strong>R\u00d6KT LAX med F\u00c4NK\u00c5L:\u00a0<\/strong><\/p>\n<p><strong>Du beh\u00f6ver:\u00a0<\/strong><\/p>\n<p>R\u00e5 lax, eller f\u00e4rdigr\u00f6kt om s\u00e5 \u00f6nskas<\/p>\n<p>Krossade f\u00e4nk\u00e5lsfr\u00f6n<\/p>\n<p>Salt och peppar<\/p>\n<p><strong>G\u00f6r s\u00e5 h\u00e4r:\u00a0<\/strong><\/p>\n<p>Krydda f\u00f6rst laxen med krossade f\u00e4nk\u00e5lsfr\u00f6n, salt och peppar.\u00a0<\/p>\n<p>Att r\u00f6ka laxen g\u00e5r bra i en klotgrill.\u00a0<\/p>\n<p>B\u00f6rja med att bygga upp en bra gl\u00f6d.\u00a0<\/p>\n<p>L\u00e4gg p\u00e5 sp\u00e5n och enris. Se till att riset inte b\u00f6rjar brinna.\u00a0<\/p>\n<p>St\u00e4ng alla ventiler.<\/p>\n<p>L\u00e4gg laxen p\u00e5 ett bakpl\u00e5tspapper p\u00e5 grillgallret.\u00a0<\/p>\n<p>F\u00f6rs\u00f6k att inte \u00f6verstiga 70 grader i laxens innertemperatur. Ju l\u00e4ngre man kan h\u00e5lla laxen kvar i grillen utan att temperaturen blir f\u00f6r h\u00f6g, desto b\u00e4ttre.\u00a0<\/p>\n<p>Ju l\u00e4ngre den st\u00e5r inne desto mer r\u00f6ksmak kommer du f\u00e5 p\u00e5 din lax.<\/p>\n<p>\u00a0<\/p>\n<p><strong>R\u00d6DK\u00c5LSSALLAD<\/strong><\/p>\n<p><strong>Du beh\u00f6ver:\u00a0<\/strong><\/p>\n<p>\u00bd huvud strimlad r\u00f6dk\u00e5l<\/p>\n<p>2 lagerblad<\/p>\n<p>2 kanelst\u00e4nger<\/p>\n<p>4 stj\u00e4rnanis<\/p>\n<p>1 \u00bd dl m\u00f6rk sirap<\/p>\n<p>1 flaska r\u00f6dvin<\/p>\n<p>salt<\/p>\n<p>Peppar<\/p>\n<p><strong>G\u00f6r s\u00e5 h\u00e4r:\u00a0<\/strong><\/p>\n<p>L\u00e4gg r\u00f6dk\u00e5len i varm gryta tillsammans med kryddorna och sirapen, tills\u00e4tt r\u00f6dvin lite i taget och l\u00e5t det reducera in i r\u00f6d-k\u00e5len, smaka av med salt och peppar.<\/p>\n<p>\u00a0<\/p>\n<p><img loading=\"lazy\" decoding=\"async\" class=\"alignnone size-medium wp-image-7554103 lazyload\" src=\"https:\/\/www.europesays.com\/se\/wp-content\/uploads\/2025\/12\/Glass-300x155.jpg\" alt=\"\" width=\"300\" height=\"155\" style=\"--smush-placeholder-width: 300px; --smush-placeholder-aspect-ratio: 300\/155;\"\/><\/p>\n<p>Foto Linda Berglund.<\/p>\n<p><strong>GLASS med B\u00c4R och KARAMELLISERADE N\u00d6TTER<\/strong><\/p>\n<p><strong>Du beh\u00f6ver: <\/strong><\/p>\n<p>2,5 dl vispgr\u00e4dde<\/p>\n<p>5 dl mj\u00f6lk, standard<\/p>\n<p>En halv vaniljst\u00e5ng<\/p>\n<p>6 \u00e4ggulor<\/p>\n<p>1,5 dl str\u00f6socker<\/p>\n<p>1\/2 tsk flingsalt<\/p>\n<p><strong>G\u00f6r s\u00e5 h\u00e4r (saltkolaglass): <\/strong><\/p>\n<p>Sm\u00e4lt h\u00e4lften av sockret i en kastrull och l\u00e5t det f\u00e5 en fin f\u00e4rg h\u00e4ll p\u00e5 gr\u00e4dde, mj\u00f6lk, tills\u00e4tt vaniljst\u00e5ngen och flingsalt. Koka upp. <\/p>\n<p>Vispa resten av sockret tillsamans med \u00e4ggulorna, h\u00e4ll \u00f6ver gr\u00e4ddmj\u00f6lken \u00f6ver \u00e4ggsmeten och h\u00e4ll tillbaks i kastrullen. Koka upp till 83 grader. Sila smeten och kyl ner den. H\u00e4ll den sedan i en glassmaskin.<\/p>\n<p><strong>G\u00f6r s\u00e5 h\u00e4r (karamelliserade n\u00f6tter): <\/strong><\/p>\n<p>Hetta upp socker och n\u00e5gra droppar vatten i en stekpanna. N\u00e4r sockret sm\u00e4lt och f\u00e5tt f\u00e4rg, sl\u00e4ng i \u00f6nskad m\u00e4ngd hasseln\u00f6tter och en matsked sm\u00f6r, v\u00e4nd dem snabbt i karamellen. <\/p>\n<p>H\u00e4ll av. <\/p>\n<p>Servera glass med varma b\u00e4r och lite krossade n\u00f6tter. Garnera med kvistar av citronmeliss.<\/p>\n<p><strong>Recepten kommer fr\u00e5n Luqaz Ottosson, som i Horisont nr 9\/ december 2014<a href=\"https:\/\/www.horisontmagasin.se\/premium\/mat-med-matta-ar-den-basta-julmaten\/\" rel=\"nofollow noopener\" target=\"_blank\"> dukade upp ett rej\u00e4lt julbord<\/a> p\u00e5 Lilla Bjers.<\/strong><\/p>\n<p>\u00a0<\/p>\n<p>\u00a0<\/p>\n<p><img loading=\"lazy\" decoding=\"async\" class=\"alignnone size-medium wp-image-7554095 lazyload\" src=\"https:\/\/www.europesays.com\/se\/wp-content\/uploads\/2025\/12\/revbensspjall-300x155.jpg\" alt=\"\" width=\"300\" height=\"155\" style=\"--smush-placeholder-width: 300px; --smush-placeholder-aspect-ratio: 300\/155;\"\/><\/p>\n<p>Foto Christer Bj\u00f6hle.<\/p>\n<p><strong>FEM KRYDDORS REVBENSSPJ\u00c4LL<\/strong><\/p>\n<p><strong>Du beh\u00f6ver (4 portioner):\u00a0<\/strong><\/p>\n<p>1,2 kilo kamben\u00a0<\/p>\n<p>2 deciliter socker<\/p>\n<p>0,6 deciliter kinesisk ljus soya<\/p>\n<p>0,5 deciliter kinesisk m\u00f6rk soya<\/p>\n<p>3 stj\u00e4rnanis<\/p>\n<p>2 kanelst\u00e4nger<\/p>\n<p>1 matsked f\u00e4nk\u00e5lsfr\u00f6n<\/p>\n<p>5 centimeter f\u00e4rsk ingef\u00e4ra<\/p>\n<p>2 vitl\u00f6ksklyftor<\/p>\n<p>0,5 morot<\/p>\n<p>1 gul l\u00f6k<\/p>\n<p>Vatten<\/p>\n<p>Rostade sesamfr\u00f6n<\/p>\n<p>Hackad v\u00e5rl\u00f6k<\/p>\n<p><strong>G\u00f6r s\u00e5 h\u00e4r:\u00a0<\/strong><\/p>\n<p>Dela kambenen och l\u00e4gg i en kastrull.<\/p>\n<p>Blanda i m\u00f6rk soya, ljus soya och socker.<\/p>\n<p>Fyll upp med vatten s\u00e5 det t\u00e4cker kam-benen.\u00a0<\/p>\n<p>G\u00f6r en kryddp\u00e5se av kryddorna (anv\u00e4nd en take away tep\u00e5se eller tv\u00e4ttp\u00e5se). L\u00e4gg med p\u00e5sen i kastrullen och koka i cirka 30 minuter \u2013 tills k\u00f6ttet l\u00e4tt lossnar fr\u00e5n benen.<\/p>\n<p>Medan det kokar \u2013 hacka gr\u00f6nsakerna och l\u00e4gg \u00e5t sidan.<\/p>\n<p>Lyft ur kambenen och koka ihop s\u00e5sen med gr\u00f6nsakerna tills den blir sirapsaktig,<\/p>\n<p>Sila s\u00e5sen och v\u00e4rm kambenen.\u00a0<\/p>\n<p>Servera med rostade sesamfr\u00f6n och hackad v\u00e5rl\u00f6k.<\/p>\n<p><strong><a href=\"https:\/\/www.horisontmagasin.se\/premium\/surf-kinesisk-mat-har-fatt-faste-i-stockholm\/\" rel=\"nofollow noopener\" target=\"_blank\">Revbensspj\u00e4llen \u00e4r en av restaurangen Surfers klassiska r\u00e4tter<\/a> och presenterades av \u00a0Jonas Lund och Henric Pettersson p\u00e5 Surfers restaurang i Stockholm, som Horisont bes\u00f6kte vintern 2017.<\/strong><\/p>\n<p>\u00a0<\/p>\n<p>\u00a0<\/p>\n<p><img loading=\"lazy\" decoding=\"async\" class=\"alignnone size-medium wp-image-7554116 lazyload\" src=\"https:\/\/www.europesays.com\/se\/wp-content\/uploads\/2025\/12\/Rullsylta-Toftagarden-H29-CB-300x155.jpg\" alt=\"\" width=\"300\" height=\"155\" style=\"--smush-placeholder-width: 300px; --smush-placeholder-aspect-ratio: 300\/155;\"\/><\/p>\n<p>Foto Christer Bj\u00f6hle.<\/p>\n<p><strong>RULLSYLTA<\/strong><\/p>\n<p><strong>Du beh\u00f6ver:\u00a0<\/strong><\/p>\n<p>En pressida fl\u00e4sk<\/p>\n<p>Kryddpeppar<\/p>\n<p>Krossad vitpeppar<\/p>\n<p>Lagerblad<\/p>\n<p>L\u00f6k<\/p>\n<p><strong>G\u00f6r s\u00e5 h\u00e4r:\u00a0<\/strong><\/p>\n<p>Dela sv\u00e5len fr\u00e5n fl\u00e4sket med en vass kniv.\u00a0<\/p>\n<p>Bred ut fl\u00e4sket och krydda med peppar.\u00a0<\/p>\n<p>Rulla d\u00e4refter ihop fl\u00e4sket till en rulle och kl\u00e4 in den i sv\u00e5len.\u00a0<\/p>\n<p>Bind ihop rullen med sn\u00f6re och dra \u00e5t ordentligt.\u00a0<\/p>\n<p>Koka d\u00e4refter rullen i 1,5 timme i vatten smaksatt med l\u00f6k, salt och lagerblad. L\u00e5t rullen ligga kvar i buljongen och svalna. Servera kall och i tunna skivor.\u00a0<\/p>\n<p><strong>Receptet kommer fr\u00e5n Anders Broman p\u00e5 klassiska Toftag\u00e5rden, som i <a href=\"https:\/\/www.horisontmagasin.se\/premium\/det-blir-nagra-sillar-och-en-skinkbit\/\" rel=\"nofollow noopener\" target=\"_blank\">Horisont nr 29\/ vintern 2016 bj\u00f6d p\u00e5 sina julfavoriter<\/a>.<\/strong><\/p>\n<p>\u00a0<\/p>\n<p><b>DURUMBULLAR med VALN\u00d6TTER:<\/b><b\/><\/p>\n<p><strong>Du beh\u00f6ver:\u00a0<\/strong><\/p>\n<p>\u2022 100 gram vatten \u2022 90 gram vetemj\u00f6l<\/p>\n<p>\u2022 105 gram durumvete \u2022 15 gram j\u00e4st<\/p>\n<p>\u2022 15 gram olivolja \u2022 6 gram bakmalt<\/p>\n<p>\u2022 70 gram honung + 1 matsked till pensling<\/p>\n<p>\u2022 40 gram hackade valn\u00f6tter<\/p>\n<p>\u2022 15 gram f\u00e4rska dragonblad<\/p>\n<p>\u2022 4 gram finmalt havssalt<\/p>\n<p>\u2022 Flingsalt att str\u00f6 p\u00e5<\/p>\n<p><strong>G\u00f6r s\u00e5 h\u00e4r:\u00a0<\/strong><\/p>\n<p>Sm\u00e4lt honungen.\u00a0<\/p>\n<p>Hacka dragonen och valn\u00f6tterna och blanda sedan samman alla ingredienser i en bunke.\u00a0<\/p>\n<p>V\u00e4g av i 20-grams bitar, forma till runda bullar. L\u00e5t j\u00e4sa till dubbel storlek.\u00a0<\/p>\n<p>Pensla med honung och vatten, str\u00f6 p\u00e5 flingsalt.\u00a0<\/p>\n<p>Baka av i ugnen i 180 grader i cirka 15 minuter.\u00a0<\/p>\n<p>L\u00e5t svalna under duk.<\/p>\n<p><strong>I Horisont nr 23\/ v\u00e5ren 2016 portr\u00e4tterades kockeleverna Angelica \u00d6stergren och Hanna Lukowiesky n\u00e4r de som b\u00e4st <a href=\"https:\/\/www.horisontmagasin.se\/premium\/forst-ville-jag-bara-ha-rocken-nu-vill-jag-mer\/\" rel=\"nofollow noopener\" target=\"_blank\">tr\u00e4nade inf\u00f6r gymnasie-SM i matlagning och dukade upp en diger meny<\/a>.<\/strong><\/p>\n<p>\u00a0<\/p>\n","protected":false},"excerpt":{"rendered":"Bilden ovan: Bosse Nilsson i Lindg\u00e5rdens k\u00f6k, n\u00e4r Horisont gjorde ett reportage d\u00e4rifr\u00e5n \u00e5r 2015. Matbilderna \u00e4r fr\u00e5n&hellip;\n","protected":false},"author":2,"featured_media":113087,"comment_status":"","ping_status":"","sticky":false,"template":"","format":"standard","meta":{"footnotes":""},"categories":[5],"tags":[12364,22,23,26,27,17,21,6009,24,25,28,29,15,16,18,34,12365,31,33,32,30,19,20],"class_list":{"0":"post-113086","1":"post","2":"type-post","3":"status-publish","4":"format-standard","5":"has-post-thumbnail","7":"category-rubriker","8":"tag-bosse-nilsson","9":"tag-breaking-news","10":"tag-breakingnews","11":"tag-featured-news","12":"tag-featurednews","13":"tag-headlines","14":"tag-huvudnyheter","15":"tag-julmat","16":"tag-latest-news","17":"tag-latestnews","18":"tag-main-news","19":"tag-mainnews","20":"tag-news","21":"tag-nyheter","22":"tag-rubriker","23":"tag-se","24":"tag-sill","25":"tag-svenska","26":"tag-sverige","27":"tag-sweden","28":"tag-swedish","29":"tag-top-stories","30":"tag-topstories"},"share_on_mastodon":{"url":"https:\/\/pubeurope.com\/@se\/115758953273864016","error":""},"_links":{"self":[{"href":"https:\/\/www.europesays.com\/se\/wp-json\/wp\/v2\/posts\/113086","targetHints":{"allow":["GET"]}}],"collection":[{"href":"https:\/\/www.europesays.com\/se\/wp-json\/wp\/v2\/posts"}],"about":[{"href":"https:\/\/www.europesays.com\/se\/wp-json\/wp\/v2\/types\/post"}],"author":[{"embeddable":true,"href":"https:\/\/www.europesays.com\/se\/wp-json\/wp\/v2\/users\/2"}],"replies":[{"embeddable":true,"href":"https:\/\/www.europesays.com\/se\/wp-json\/wp\/v2\/comments?post=113086"}],"version-history":[{"count":0,"href":"https:\/\/www.europesays.com\/se\/wp-json\/wp\/v2\/posts\/113086\/revisions"}],"wp:featuredmedia":[{"embeddable":true,"href":"https:\/\/www.europesays.com\/se\/wp-json\/wp\/v2\/media\/113087"}],"wp:attachment":[{"href":"https:\/\/www.europesays.com\/se\/wp-json\/wp\/v2\/media?parent=113086"}],"wp:term":[{"taxonomy":"category","embeddable":true,"href":"https:\/\/www.europesays.com\/se\/wp-json\/wp\/v2\/categories?post=113086"},{"taxonomy":"post_tag","embeddable":true,"href":"https:\/\/www.europesays.com\/se\/wp-json\/wp\/v2\/tags?post=113086"}],"curies":[{"name":"wp","href":"https:\/\/api.w.org\/{rel}","templated":true}]}}