{"id":113088,"date":"2025-12-21T18:24:39","date_gmt":"2025-12-21T18:24:39","guid":{"rendered":"https:\/\/www.europesays.com\/se\/113088\/"},"modified":"2025-12-21T18:24:39","modified_gmt":"2025-12-21T18:24:39","slug":"ordbraket-han-verkar-grinig-skidskytte","status":"publish","type":"post","link":"https:\/\/www.europesays.com\/se\/113088\/","title":{"rendered":"Ordbr\u00e5ket: \u201dHan verkar grinig\u201d | Skidskytte"},"content":{"rendered":"<p>Publicerad 20 dec 2025 kl 16.40Uppdaterad kl 18.38<\/p>\n<p>Johan-Olav Botn kallade Sebastian Samuelsson f\u00f6r en \u201dirriterande lillebror\u201d.\u00a0<\/p>\n<p>Nu svarar svensken.\u00a0<\/p>\n<p>\u2013\u00a0Jag tycker han verkar grinig, s\u00e4ger Samuelsson. \u00a0<\/p>\n<p><img   alt=\"\"\/><\/p>\n<p>Johan-Olav Botn.<\/p>\n<p>Foto: RICHARD MERLEN\/DPPI\/SHUTTERSTOCK \/ SHUTTERSTOCK EDITORIAL\/IBL<\/p>\n<p>\u00d6ppna bild i helsk\u00e4rm<img loading=\"lazy\"   alt=\"\"\/><\/p>\n<p>Sebastian Samuelsson.<\/p>\n<p>Foto: Bj\u00f6rn Larsson Rosvall\/TT \/ TT NYHETSBYR\u00c5N<\/p>\n<p>\u00d6ppna bild i helsk\u00e4rm<\/p>\n<p>Den norska skidskytten Johan-Olav Botn forts\u00e4tter att dominera p\u00e5 v\u00e4rldscupen, under l\u00f6rdagen kom 26-\u00e5ringens fj\u00e4rde seger efter fyra nollor i jaktstarten.\u00a0<\/p>\n<p>\u2013\u00a0Det var en tung t\u00e4vling, och det blev bara v\u00e4rre och v\u00e4rre under loppets g\u00e5ng, s\u00e4ger han.\u00a0<\/p>\n<p>Norrmannen har skapat en hel del rubriker f\u00f6r sina prestationer s\u00e5 h\u00e4r l\u00e5ngt under s\u00e4songen, men under g\u00e5rdagen kom en som handlade om det utanf\u00f6r t\u00e4vlingen.\u00a0<\/p>\n<p>Framf\u00f6r allt efter l\u00f6rdagens sprint. Botn gick h\u00e5rt \u00e5t <a href=\"https:\/\/www.expressen.se\/tagg\/person\/sebastian-samuelsson\/\" class=\"\" rel=\"nofollow noopener\" target=\"_blank\">Sebastian Samuelsson<\/a>, som menade i en intervju i norska NRK att han inte alls gillade att ha fyra norrm\u00e4n framf\u00f6r sig i sprinten, utan borde kunna sl\u00e5 dem.\u00a0<\/p>\n<p>\u2013 Han kan inte skapa rubriker med sina resultat, s\u00e5 han m\u00e5ste skapa rubriker p\u00e5 andra s\u00e4tt. Jag k\u00e4nner att han \u00e4r en irriterande lillebror som beh\u00f6ver uppm\u00e4rksamhet hela tiden n\u00e4r han inte kan leverera resultat, sa <a href=\"https:\/\/www.nrk.no\/sport\/dobbelt-norsk-da-_alle_-bommet_-_-ingen-god-forklaring-1.17700455\" rel=\"nofollow noopener\" target=\"_blank\">Johan-Olov Botn till NRK efter sprinten<\/a>.<\/p>\n<p><img loading=\"lazy\"   alt=\"\"\/> <\/p>\n<p>Foto: RICHARD MERLEN\/DPPI\/SHUTTERSTOCK \/ SHUTTERSTOCK EDITORIAL\/IBL<\/p>\n<p>\u00d6ppna bild i helsk\u00e4rm\u201dD\u00e5 m\u00e5ste jag sk\u00e4rpa mig\u201d<\/p>\n<p>Sebastian Samuelsson hade tagit del av uttalandet efter l\u00f6rdagens jaktstart.\u00a0<\/p>\n<p>\u2013\u00a0Ja, jag l\u00e4ste det d\u00e4r. Jag tycker han verkar grinig.\u00a0<\/p>\n<p><strong>Men vad t\u00e4nker du om det han s\u00e4ger?<\/strong><\/p>\n<p><strong>\u2013<\/strong> Jag vet inte. Nej, jag t\u00e4nker ingenting om det.\u00a0<\/p>\n<p>N\u00e4r Botn f\u00e5r h\u00f6ra vad Samuelsson sagt blir han f\u00f6rv\u00e5nad.\u00a0<\/p>\n<p>\u2013\u00a0Oj! D\u00e5 m\u00e5ste jag sk\u00e4rpa mig, det \u00e4r inte meningen. Han \u00e4r bra p\u00e5 att snacka i media, det ska han ha. Men sen verkar han lite grinig utanf\u00f6r media, s\u00e5 han m\u00e5ste sk\u00e4rpa sig lite i m\u00e5lomr\u00e5det, s\u00e4ger Botn.\u00a0<\/p>\n<p>Munhuggandet \u00e4r en liten ny erfarenhet menar Botn.\u00a0<\/p>\n<p>\u2013 Ja, men jag t\u00e4nker inte s\u00e5 mycket p\u00e5 det. Det \u00e4r m\u00e5nga andra bra skidskyttar som inte snackar i media, s\u00e5 som Sebbe.\u00a0<\/p>\n<p><strong>L\u00c4S MER: <\/strong><a href=\"https:\/\/www.expressen.se\/sport\/skidskytte\/sebastian-samuelssons-mardrom-tre-bom-direkt\/\" class=\"\" rel=\"nofollow noopener\" target=\"_blank\">Sebastian Samuelssons mardr\u00f6m \u2013 tre bom direkt<\/a><strong>L\u00c4S MER: <\/strong><a href=\"https:\/\/www.expressen.se\/sport\/skidskytte\/norske-profilen-forsokte-byta-till-det-svenska-landslaget\/\" class=\"\" rel=\"nofollow noopener\" target=\"_blank\">Norske profilen f\u00f6rs\u00f6kte byta till det svenska landslaget<\/a><\/p>\n","protected":false},"excerpt":{"rendered":"Publicerad 20 dec 2025 kl 16.40Uppdaterad kl 18.38 Johan-Olav Botn kallade Sebastian Samuelsson f\u00f6r en \u201dirriterande lillebror\u201d.\u00a0 Nu&hellip;\n","protected":false},"author":2,"featured_media":113089,"comment_status":"","ping_status":"","sticky":false,"template":"","format":"standard","meta":{"footnotes":""},"categories":[68],"tags":[5872,34,945,111,110,31,33,32,30],"class_list":{"0":"post-113088","1":"post","2":"type-post","3":"status-publish","4":"format-standard","5":"has-post-thumbnail","7":"category-sport","8":"tag-person-sebastian-samuelsson","9":"tag-se","10":"tag-sections-skidskytte","11":"tag-sport","12":"tag-sports","13":"tag-svenska","14":"tag-sverige","15":"tag-sweden","16":"tag-swedish"},"share_on_mastodon":{"url":"https:\/\/pubeurope.com\/@se\/115758960634210816","error":""},"_links":{"self":[{"href":"https:\/\/www.europesays.com\/se\/wp-json\/wp\/v2\/posts\/113088","targetHints":{"allow":["GET"]}}],"collection":[{"href":"https:\/\/www.europesays.com\/se\/wp-json\/wp\/v2\/posts"}],"about":[{"href":"https:\/\/www.europesays.com\/se\/wp-json\/wp\/v2\/types\/post"}],"author":[{"embeddable":true,"href":"https:\/\/www.europesays.com\/se\/wp-json\/wp\/v2\/users\/2"}],"replies":[{"embeddable":true,"href":"https:\/\/www.europesays.com\/se\/wp-json\/wp\/v2\/comments?post=113088"}],"version-history":[{"count":0,"href":"https:\/\/www.europesays.com\/se\/wp-json\/wp\/v2\/posts\/113088\/revisions"}],"wp:featuredmedia":[{"embeddable":true,"href":"https:\/\/www.europesays.com\/se\/wp-json\/wp\/v2\/media\/113089"}],"wp:attachment":[{"href":"https:\/\/www.europesays.com\/se\/wp-json\/wp\/v2\/media?parent=113088"}],"wp:term":[{"taxonomy":"category","embeddable":true,"href":"https:\/\/www.europesays.com\/se\/wp-json\/wp\/v2\/categories?post=113088"},{"taxonomy":"post_tag","embeddable":true,"href":"https:\/\/www.europesays.com\/se\/wp-json\/wp\/v2\/tags?post=113088"}],"curies":[{"name":"wp","href":"https:\/\/api.w.org\/{rel}","templated":true}]}}