{"id":113092,"date":"2025-12-21T18:28:15","date_gmt":"2025-12-21T18:28:15","guid":{"rendered":"https:\/\/www.europesays.com\/se\/113092\/"},"modified":"2025-12-21T18:28:15","modified_gmt":"2025-12-21T18:28:15","slug":"europa-redo-att-skicka-trupper-till-ukraina-om-en-vapenvila-bryts","status":"publish","type":"post","link":"https:\/\/www.europesays.com\/se\/113092\/","title":{"rendered":"Europa redo att skicka trupper till Ukraina om en vapenvila bryts"},"content":{"rendered":"<p>Flera europeiska l\u00e4nder st\u00e5r redo att skicka soldater till Ukraina om Putin skulle bryta mot en vapenvila. Det s\u00e4ger Natochefen Mark Rutte i en intervju med tyska Bild.<\/p>\n<p>L\u00e4nderna i \u201dde villigas koalition\u201d h\u00e5ller p\u00e5 att bena ut hur det skulle g\u00e5 till i praktiken, forts\u00e4tter han.<\/p>\n<p>\u2013 Hur skulle en insats se ut? Vad skulle ske p\u00e5 land, till sj\u00f6ss, i luften? Alla dessa fr\u00e5gor utreds just nu, s\u00e4ger han.<\/p>\n<p>Rutte s\u00e4ger att han har respekt f\u00f6r att Donald Trump f\u00f6rhandlar med Ryssland, och s\u00e4ger att den amerikanske presidenten \u00e4r den ende som kan f\u00e5 Putin att sluta fred. Han tror inte att USA kommer att l\u00e4mna Ukraina och Europa i sticket.<\/p>\n<p>Omni \u00e4r politiskt obundna och oberoende. Vi str\u00e4var efter att ge fler perspektiv p\u00e5 nyheterna. Har du fr\u00e5gor eller synpunkter kring v\u00e5r rapportering? <a href=\"https:\/\/omni.se\/rutte-europa-redo-att-skicka-trupper-till-ukraina-om-en-vapenvila-bryts\/a\/mailto:redaktion@omni.se\" class=\"ArticleActions_contactLink__W2F1M\" rel=\"nofollow noopener\" target=\"_blank\">Kontakta redaktionen<\/a><\/p>\n","protected":false},"excerpt":{"rendered":"Flera europeiska l\u00e4nder st\u00e5r redo att skicka soldater till Ukraina om Putin skulle bryta mot en vapenvila. Det&hellip;\n","protected":false},"author":2,"featured_media":113093,"comment_status":"","ping_status":"","sticky":false,"template":"","format":"standard","meta":{"footnotes":""},"categories":[14],"tags":[22,23,385,267,26,27,17,21,24,25,28,29,3996,999,15,268,16,18,269,264,34,31,33,32,30,19,20,263,74,51,52,53,54],"class_list":{"0":"post-113092","1":"post","2":"type-post","3":"status-publish","4":"format-standard","5":"has-post-thumbnail","7":"category-varlden","8":"tag-breaking-news","9":"tag-breakingnews","10":"tag-donald-trump","11":"tag-europa","12":"tag-featured-news","13":"tag-featurednews","14":"tag-headlines","15":"tag-huvudnyheter","16":"tag-latest-news","17":"tag-latestnews","18":"tag-main-news","19":"tag-mainnews","20":"tag-mark-rutte","21":"tag-nato","22":"tag-news","23":"tag-nordamerika","24":"tag-nyheter","25":"tag-rubriker","26":"tag-ryska-invasionen","27":"tag-ryssland","28":"tag-se","29":"tag-svenska","30":"tag-sverige","31":"tag-sweden","32":"tag-swedish","33":"tag-top-stories","34":"tag-topstories","35":"tag-ukraina","36":"tag-usa","37":"tag-varlden","38":"tag-world","39":"tag-world-news","40":"tag-worldnews"},"share_on_mastodon":{"url":"https:\/\/pubeurope.com\/@se\/115758976460998904","error":""},"_links":{"self":[{"href":"https:\/\/www.europesays.com\/se\/wp-json\/wp\/v2\/posts\/113092","targetHints":{"allow":["GET"]}}],"collection":[{"href":"https:\/\/www.europesays.com\/se\/wp-json\/wp\/v2\/posts"}],"about":[{"href":"https:\/\/www.europesays.com\/se\/wp-json\/wp\/v2\/types\/post"}],"author":[{"embeddable":true,"href":"https:\/\/www.europesays.com\/se\/wp-json\/wp\/v2\/users\/2"}],"replies":[{"embeddable":true,"href":"https:\/\/www.europesays.com\/se\/wp-json\/wp\/v2\/comments?post=113092"}],"version-history":[{"count":0,"href":"https:\/\/www.europesays.com\/se\/wp-json\/wp\/v2\/posts\/113092\/revisions"}],"wp:featuredmedia":[{"embeddable":true,"href":"https:\/\/www.europesays.com\/se\/wp-json\/wp\/v2\/media\/113093"}],"wp:attachment":[{"href":"https:\/\/www.europesays.com\/se\/wp-json\/wp\/v2\/media?parent=113092"}],"wp:term":[{"taxonomy":"category","embeddable":true,"href":"https:\/\/www.europesays.com\/se\/wp-json\/wp\/v2\/categories?post=113092"},{"taxonomy":"post_tag","embeddable":true,"href":"https:\/\/www.europesays.com\/se\/wp-json\/wp\/v2\/tags?post=113092"}],"curies":[{"name":"wp","href":"https:\/\/api.w.org\/{rel}","templated":true}]}}