{"id":113098,"date":"2025-12-21T18:32:23","date_gmt":"2025-12-21T18:32:23","guid":{"rendered":"https:\/\/www.europesays.com\/se\/113098\/"},"modified":"2025-12-21T18:32:23","modified_gmt":"2025-12-21T18:32:23","slug":"liverpool-utskapat-chelsea-vidare-i-cupen-england","status":"publish","type":"post","link":"https:\/\/www.europesays.com\/se\/113098\/","title":{"rendered":"Liverpool utsk\u00e5pat &#8211; Chelsea vidare i cupen &#8211; England"},"content":{"rendered":"<p>Kvartsfinalen i ligacupen mellan Liverpool och Chelsea blev en ensidig historia. <\/p>\n<p>&#8221;The Blues&#8221; gick p\u00e5 knock och ledde med 4-0 efter 32 minuters spel. D\u00e5 hade  Sam Kerr svarat f\u00f6r tv\u00e5 fulltr\u00e4ffar och Wieke Kaptein samt Agnes Beever-Jones gjort varsina m\u00e5l.<\/p>\n<p>I den andra akten hittade en svensk r\u00e4tt. Johanna Rytting Kaneryd \u00f6kade p\u00e5 till 5-0. Men hon n\u00f6jde sig inte d\u00e4r.<\/p>\n<p>Jenna Clark reducerade f\u00f6r Liverpool. Men det var av akademisk betydelse. Johanna Rytting Kaneryd blev n\u00e4mligen tv\u00e5m\u00e5lsskytt kort d\u00e4rp\u00e5.<\/p>\n<p>Matchen slutade hela 9-1 och med tio minuter kvar av ordinarie tid fullbordade Johanna Rytting Kaneryd ett hattrick.<\/p>\n<p>&#8211; Jag kan inte minnas senast jag gjorde hattrick. Jag \u00e4r v\u00e4ldigt glad, s\u00e4ger &#8221;JRK&#8221; efter storsegern.<\/p>\n<p>V\u00e4rt att notera f\u00f6r svensk del var att Beata Olsson och Cornelia Kapocs startade matchen f\u00f6r Liverpool. Rytting Kaneryd gjorde detsamma f\u00f6r Chelsea.<\/p>\n","protected":false},"excerpt":{"rendered":"Kvartsfinalen i ligacupen mellan Liverpool och Chelsea blev en ensidig historia. &#8221;The Blues&#8221; gick p\u00e5 knock och ledde&hellip;\n","protected":false},"author":2,"featured_media":113099,"comment_status":"","ping_status":"","sticky":false,"template":"","format":"standard","meta":{"footnotes":""},"categories":[68],"tags":[34,111,110,31,33,32,30],"class_list":{"0":"post-113098","1":"post","2":"type-post","3":"status-publish","4":"format-standard","5":"has-post-thumbnail","7":"category-sport","8":"tag-se","9":"tag-sport","10":"tag-sports","11":"tag-svenska","12":"tag-sverige","13":"tag-sweden","14":"tag-swedish"},"share_on_mastodon":{"url":"https:\/\/pubeurope.com\/@se\/115758992120025495","error":""},"_links":{"self":[{"href":"https:\/\/www.europesays.com\/se\/wp-json\/wp\/v2\/posts\/113098","targetHints":{"allow":["GET"]}}],"collection":[{"href":"https:\/\/www.europesays.com\/se\/wp-json\/wp\/v2\/posts"}],"about":[{"href":"https:\/\/www.europesays.com\/se\/wp-json\/wp\/v2\/types\/post"}],"author":[{"embeddable":true,"href":"https:\/\/www.europesays.com\/se\/wp-json\/wp\/v2\/users\/2"}],"replies":[{"embeddable":true,"href":"https:\/\/www.europesays.com\/se\/wp-json\/wp\/v2\/comments?post=113098"}],"version-history":[{"count":0,"href":"https:\/\/www.europesays.com\/se\/wp-json\/wp\/v2\/posts\/113098\/revisions"}],"wp:featuredmedia":[{"embeddable":true,"href":"https:\/\/www.europesays.com\/se\/wp-json\/wp\/v2\/media\/113099"}],"wp:attachment":[{"href":"https:\/\/www.europesays.com\/se\/wp-json\/wp\/v2\/media?parent=113098"}],"wp:term":[{"taxonomy":"category","embeddable":true,"href":"https:\/\/www.europesays.com\/se\/wp-json\/wp\/v2\/categories?post=113098"},{"taxonomy":"post_tag","embeddable":true,"href":"https:\/\/www.europesays.com\/se\/wp-json\/wp\/v2\/tags?post=113098"}],"curies":[{"name":"wp","href":"https:\/\/api.w.org\/{rel}","templated":true}]}}