{"id":113100,"date":"2025-12-21T18:39:08","date_gmt":"2025-12-21T18:39:08","guid":{"rendered":"https:\/\/www.europesays.com\/se\/113100\/"},"modified":"2025-12-21T18:39:08","modified_gmt":"2025-12-21T18:39:08","slug":"tusentals-hedrade-offren-i-bondi-beach-attacken","status":"publish","type":"post","link":"https:\/\/www.europesays.com\/se\/113100\/","title":{"rendered":"Tusentals hedrade offren i Bondi Beach-attacken"},"content":{"rendered":"<p>Den popul\u00e4ra stranden, som varje \u00e5r lockar m\u00e4ngder med m\u00e4nniskor fr\u00e5n hela v\u00e4rlden, f\u00f6rvandlades tidig kv\u00e4ll den 14 december till ett blodbad n\u00e4r tv\u00e5 m\u00e4n \u00f6ppnade eld mot en stor grupp judar som samlats f\u00f6r att fira inledningen av Chanukka.<\/p>\n<p>Klockan 18.47 \u2013 samma klockslag som de f\u00f6rsta larmen om skottlossning kom \u2013 h\u00f6ll de som samlats p\u00e5 s\u00f6ndagen en vecka senare en tyst minut f\u00f6r offren.<\/p>\n","protected":false},"excerpt":{"rendered":"Den popul\u00e4ra stranden, som varje \u00e5r lockar m\u00e4ngder med m\u00e4nniskor fr\u00e5n hela v\u00e4rlden, f\u00f6rvandlades tidig kv\u00e4ll den 14&hellip;\n","protected":false},"author":2,"featured_media":113101,"comment_status":"","ping_status":"","sticky":false,"template":"","format":"standard","meta":{"footnotes":""},"categories":[5],"tags":[22,23,26,27,17,21,24,25,28,29,15,16,18,34,31,33,32,30,19,20],"class_list":{"0":"post-113100","1":"post","2":"type-post","3":"status-publish","4":"format-standard","5":"has-post-thumbnail","7":"category-rubriker","8":"tag-breaking-news","9":"tag-breakingnews","10":"tag-featured-news","11":"tag-featurednews","12":"tag-headlines","13":"tag-huvudnyheter","14":"tag-latest-news","15":"tag-latestnews","16":"tag-main-news","17":"tag-mainnews","18":"tag-news","19":"tag-nyheter","20":"tag-rubriker","21":"tag-se","22":"tag-svenska","23":"tag-sverige","24":"tag-sweden","25":"tag-swedish","26":"tag-top-stories","27":"tag-topstories"},"share_on_mastodon":{"url":"https:\/\/pubeurope.com\/@se\/115759019618084366","error":""},"_links":{"self":[{"href":"https:\/\/www.europesays.com\/se\/wp-json\/wp\/v2\/posts\/113100","targetHints":{"allow":["GET"]}}],"collection":[{"href":"https:\/\/www.europesays.com\/se\/wp-json\/wp\/v2\/posts"}],"about":[{"href":"https:\/\/www.europesays.com\/se\/wp-json\/wp\/v2\/types\/post"}],"author":[{"embeddable":true,"href":"https:\/\/www.europesays.com\/se\/wp-json\/wp\/v2\/users\/2"}],"replies":[{"embeddable":true,"href":"https:\/\/www.europesays.com\/se\/wp-json\/wp\/v2\/comments?post=113100"}],"version-history":[{"count":0,"href":"https:\/\/www.europesays.com\/se\/wp-json\/wp\/v2\/posts\/113100\/revisions"}],"wp:featuredmedia":[{"embeddable":true,"href":"https:\/\/www.europesays.com\/se\/wp-json\/wp\/v2\/media\/113101"}],"wp:attachment":[{"href":"https:\/\/www.europesays.com\/se\/wp-json\/wp\/v2\/media?parent=113100"}],"wp:term":[{"taxonomy":"category","embeddable":true,"href":"https:\/\/www.europesays.com\/se\/wp-json\/wp\/v2\/categories?post=113100"},{"taxonomy":"post_tag","embeddable":true,"href":"https:\/\/www.europesays.com\/se\/wp-json\/wp\/v2\/tags?post=113100"}],"curies":[{"name":"wp","href":"https:\/\/api.w.org\/{rel}","templated":true}]}}