{"id":113102,"date":"2025-12-21T18:41:22","date_gmt":"2025-12-21T18:41:22","guid":{"rendered":"https:\/\/www.europesays.com\/se\/113102\/"},"modified":"2025-12-21T18:41:22","modified_gmt":"2025-12-21T18:41:22","slug":"naslund-vann-igen-stort-medaljhopp-i-os","status":"publish","type":"post","link":"https:\/\/www.europesays.com\/se\/113102\/","title":{"rendered":"N\u00e4slund vann igen \u2014 stort medaljhopp i OS"},"content":{"rendered":"<p>En kn\u00e4skada f\u00f6rst\u00f6rde 2023\u20132024 och en spricka i skenbenet innebar att \u00e4ven s\u00e4songen efter, 2024\u20132025, bestod av rehabilitering i st\u00e4llet f\u00f6r t\u00e4vlingar.<\/p>\n<p>Under den tiden har Sandra N\u00e4slund haft en tydlig m\u00e5ls\u00e4ttning.<\/p>\n<p>Hon skulle tillbaka och f\u00e5 ytterligare framg\u00e5ng p\u00e5 ett OS.<\/p>\n<p>29-\u00e5ringen plockade hem segern i Peking 2022 och med tanke p\u00e5 resultatet i Kina \u00e4r hon sedan en tid tillbaka inne p\u00e5 att inte n\u00f6ja sig med n\u00e5got s\u00e4mre i Italien.<\/p>\n<p>I Livigno, d\u00e4r skicrossen avg\u00f6rs, k\u00f6r hon f\u00f6r guld.<\/p>\n<p>Och med tanke p\u00e5 s\u00e4songstarten \u00e4r stj\u00e4rnan redan nu ett av Sveriges absolut st\u00f6rsta medaljhopp inf\u00f6r vinterspelen.<\/p>\n<p>Resultatraden visar tydligt varf\u00f6r: 1\u20131\u20131\u20133\u20131.<\/p>\n<p>Hon vann premi\u00e4ren i franska Val Thorens \u2013 hennes comeback \u2013 och fortsatte att dominera. Efter tredjeplatsen i Innichen, s\u00e4songens enda plump efter ett litet misstag vid starten, fick hon snabb revansch i Italien.<\/p>\n<p><strong>Ett dygn senare<\/strong> var hon tillbaka p\u00e5 prispallens h\u00f6gsta position.<\/p>\n<p>\u2013 Jag var f\u00f6rberedd p\u00e5 att komma bakom men jag fick en bra start och sedan kunde jag fokusera p\u00e5 min skid\u00e5kning. Jag gav allt p\u00e5 \u00f6vre delen och k\u00f6rde s\u00e4krare h\u00e4r nere. Det var perfekt, s\u00e4ger N\u00e4slund i Viaplays s\u00e4ndning.<\/p>\n<p>\u2013 Nu blir det firande h\u00e4r och sedan hem till familjen.<\/p>\n<p>Linnea Mob\u00e4rg tog sig inte vidare fr\u00e5n kvartsfinal. Brodern David Mob\u00e4rg, trean fr\u00e5n Arosa, Schweiz, fick en tung helg i Innichen och \u00e5kte ut, precis som i l\u00f6rdags, i \u00e5ttondelsfinal.<\/p>\n<p>Skicrossens v\u00e4rldscup tar nu julledigt och \u00e4r tillbaka i slutet av januari.<\/p>\n<p>OS i Italien avg\u00f6rs 6\u201322 februari.<\/p>\n","protected":false},"excerpt":{"rendered":"En kn\u00e4skada f\u00f6rst\u00f6rde 2023\u20132024 och en spricka i skenbenet innebar att \u00e4ven s\u00e4songen efter, 2024\u20132025, bestod av rehabilitering&hellip;\n","protected":false},"author":2,"featured_media":113103,"comment_status":"","ping_status":"","sticky":false,"template":"","format":"standard","meta":{"footnotes":""},"categories":[68],"tags":[34,111,110,31,33,32,30],"class_list":{"0":"post-113102","1":"post","2":"type-post","3":"status-publish","4":"format-standard","5":"has-post-thumbnail","7":"category-sport","8":"tag-se","9":"tag-sport","10":"tag-sports","11":"tag-svenska","12":"tag-sverige","13":"tag-sweden","14":"tag-swedish"},"share_on_mastodon":{"url":"https:\/\/pubeurope.com\/@se\/115759027563963752","error":""},"_links":{"self":[{"href":"https:\/\/www.europesays.com\/se\/wp-json\/wp\/v2\/posts\/113102","targetHints":{"allow":["GET"]}}],"collection":[{"href":"https:\/\/www.europesays.com\/se\/wp-json\/wp\/v2\/posts"}],"about":[{"href":"https:\/\/www.europesays.com\/se\/wp-json\/wp\/v2\/types\/post"}],"author":[{"embeddable":true,"href":"https:\/\/www.europesays.com\/se\/wp-json\/wp\/v2\/users\/2"}],"replies":[{"embeddable":true,"href":"https:\/\/www.europesays.com\/se\/wp-json\/wp\/v2\/comments?post=113102"}],"version-history":[{"count":0,"href":"https:\/\/www.europesays.com\/se\/wp-json\/wp\/v2\/posts\/113102\/revisions"}],"wp:featuredmedia":[{"embeddable":true,"href":"https:\/\/www.europesays.com\/se\/wp-json\/wp\/v2\/media\/113103"}],"wp:attachment":[{"href":"https:\/\/www.europesays.com\/se\/wp-json\/wp\/v2\/media?parent=113102"}],"wp:term":[{"taxonomy":"category","embeddable":true,"href":"https:\/\/www.europesays.com\/se\/wp-json\/wp\/v2\/categories?post=113102"},{"taxonomy":"post_tag","embeddable":true,"href":"https:\/\/www.europesays.com\/se\/wp-json\/wp\/v2\/tags?post=113102"}],"curies":[{"name":"wp","href":"https:\/\/api.w.org\/{rel}","templated":true}]}}