{"id":113114,"date":"2025-12-21T18:57:22","date_gmt":"2025-12-21T18:57:22","guid":{"rendered":"https:\/\/www.europesays.com\/se\/113114\/"},"modified":"2025-12-21T18:57:22","modified_gmt":"2025-12-21T18:57:22","slug":"peter-axman-snacka-om-sluggerfest-17-mal-nar-byn-lyfte-i-smaland-ljusnan","status":"publish","type":"post","link":"https:\/\/www.europesays.com\/se\/113114\/","title":{"rendered":"Peter Axman Snacka om sluggerfest \u2013 17 m\u00e5l n\u00e4r Byn lyfte i Sm\u00e5land &#8211; Ljusnan"},"content":{"rendered":"<ol>\n<li><a href=\"https:\/\/news.google.com\/rss\/articles\/CBMikAFBVV95cUxPbjVsd2MxbWpFb3JvRHhFLUl3TVZ3VFYyRjJIOGVsR0I3NmNvTG0wcFdoOEY4eVBiR1RSZmhJZjREWjQ5cmFsSHZFbDNFY1BET0NuOFZaRXZKcEpYUnNTdHZ6YTJaTG12QU9ORWN1NjdsYkJIMUE5RTJ3dzZKTWoxNzBSNkQ5STFRYmFoOGRqbEw?oc=5\" target=\"_blank\" rel=\"nofollow noopener\">Peter Axman Snacka om sluggerfest \u2013 17 m\u00e5l n\u00e4r Byn lyfte i Sm\u00e5land<\/a>&nbsp;&nbsp;Ljusnan<\/li>\n<li><a href=\"https:\/\/news.google.com\/rss\/articles\/CBMicEFVX3lxTE5KeGZSRXhQYUl0S0dEbmIzNlJORVpuRGczLUpVUlNwQWRmcTh3MlRsdzJNZ016RHowdEhRS0ktOGkzZDhoVG1RaUNERXQzQUZJMGNsQnA5bEZMLW9IR3MwSmx5MGJkblBJWU0tbW9ZeDc?oc=5\" target=\"_blank\" rel=\"nofollow noopener\">LIVESPORT: Edsbyn besegrade Vetlanda<\/a>&nbsp;&nbsp;Ljusnan<\/li>\n<li><a href=\"https:\/\/news.google.com\/rss\/articles\/CBMikwFBVV95cUxPMHJHVkNidE5xNGlRNjNFdnpSdW9WSnp3LUhRZGVpbHRaeE5raTZad3N2UGtCYmNHcUxBVXhqRjRHUnZfLXhKdXZJZGhPZWt0Q0VrVVFDNUREZDBia3hBZjc1azlzdzRJclpZT0FtbmQtbFhNQmVhRDN0TlBldGpWU1dUc2I3dGk3by0yRXdZbGJ0ckk?oc=5\" target=\"_blank\" rel=\"nofollow noopener\">\u201dByns\u201d tidiga julafton i Sm\u00e5land: \u201dLite smartare \u00f6ver 90\u201d<\/a>&nbsp;&nbsp;Bandypuls<\/li>\n<li><a href=\"https:\/\/news.google.com\/rss\/articles\/CBMipAFBVV95cUxPanFpRU5Cb0VPUjVVQzhSc1hXelFVRE0weWRwM09fM0F2eDhzdGMta1hqR3FnUEVlX2lYZVFaQ2FTSlVqS3R2UUJibnB1dThtQ1FvT193R0ZXQkcxQS1iSlpsdXlZdVFDMHFPcmJzNHcxYWl4eDZXT0lMeGlBeXFZbnF4WWVNU2FYUzlFdFhzVC1IRkFEYzdZWUhkZVE3X1hOaTg4ZQ?oc=5\" target=\"_blank\" rel=\"nofollow noopener\">Edsbyns IF v\u00e4nde underl\u00e4ge och vann<\/a>&nbsp;&nbsp;Hallands Nyheter<\/li>\n<li><a href=\"https:\/\/news.google.com\/rss\/articles\/CBMilwFBVV95cUxPckx6b0VBVFF6UXlfdnBOSWNrWmxvR3VhdFFhY28xbVpCelp5WTRGVl9qQjNwUF9PVkxBZlFnVlpZZnZFbk5LeWRpLTI5bV9lTTAxdi1WRzQ4ZFV5WFY4b1ZDZ2RRWUUteW1zOFlzVGpXSWM0RFdUc24tR2xzY3FxVHJBbzRZTE1SNWVnbDdSMUNsMmtoOERr?oc=5\" target=\"_blank\" rel=\"nofollow noopener\">VP-trion: \u201dDet mesta han g\u00f6r \u00e4r absoluta v\u00e4rldsklass\u201d<\/a>&nbsp;&nbsp;VP \u2013 Alltid n\u00e4ra<\/li>\n<\/ol>\n","protected":false},"excerpt":{"rendered":"Peter Axman Snacka om sluggerfest \u2013 17 m\u00e5l n\u00e4r Byn lyfte i Sm\u00e5land&nbsp;&nbsp;Ljusnan LIVESPORT: Edsbyn besegrade Vetlanda&nbsp;&nbsp;Ljusnan \u201dByns\u201d&hellip;\n","protected":false},"author":2,"featured_media":113115,"comment_status":"","ping_status":"","sticky":false,"template":"","format":"standard","meta":{"footnotes":""},"categories":[68],"tags":[34,111,110,31,33,32,30],"class_list":{"0":"post-113114","1":"post","2":"type-post","3":"status-publish","4":"format-standard","5":"has-post-thumbnail","7":"category-sport","8":"tag-se","9":"tag-sport","10":"tag-sports","11":"tag-svenska","12":"tag-sverige","13":"tag-sweden","14":"tag-swedish"},"share_on_mastodon":{"url":"https:\/\/pubeurope.com\/@se\/115759090592958738","error":""},"_links":{"self":[{"href":"https:\/\/www.europesays.com\/se\/wp-json\/wp\/v2\/posts\/113114","targetHints":{"allow":["GET"]}}],"collection":[{"href":"https:\/\/www.europesays.com\/se\/wp-json\/wp\/v2\/posts"}],"about":[{"href":"https:\/\/www.europesays.com\/se\/wp-json\/wp\/v2\/types\/post"}],"author":[{"embeddable":true,"href":"https:\/\/www.europesays.com\/se\/wp-json\/wp\/v2\/users\/2"}],"replies":[{"embeddable":true,"href":"https:\/\/www.europesays.com\/se\/wp-json\/wp\/v2\/comments?post=113114"}],"version-history":[{"count":0,"href":"https:\/\/www.europesays.com\/se\/wp-json\/wp\/v2\/posts\/113114\/revisions"}],"wp:featuredmedia":[{"embeddable":true,"href":"https:\/\/www.europesays.com\/se\/wp-json\/wp\/v2\/media\/113115"}],"wp:attachment":[{"href":"https:\/\/www.europesays.com\/se\/wp-json\/wp\/v2\/media?parent=113114"}],"wp:term":[{"taxonomy":"category","embeddable":true,"href":"https:\/\/www.europesays.com\/se\/wp-json\/wp\/v2\/categories?post=113114"},{"taxonomy":"post_tag","embeddable":true,"href":"https:\/\/www.europesays.com\/se\/wp-json\/wp\/v2\/tags?post=113114"}],"curies":[{"name":"wp","href":"https:\/\/api.w.org\/{rel}","templated":true}]}}