{"id":113127,"date":"2025-12-21T19:13:21","date_gmt":"2025-12-21T19:13:21","guid":{"rendered":"https:\/\/www.europesays.com\/se\/113127\/"},"modified":"2025-12-21T19:13:21","modified_gmt":"2025-12-21T19:13:21","slug":"johanna-rytting-kaneryds-succe-satter-hattrick-i-krossen-fotboll","status":"publish","type":"post","link":"https:\/\/www.europesays.com\/se\/113127\/","title":{"rendered":"Johanna Rytting-Kaneryds succ\u00e9 \u2013 s\u00e4tter hattrick i krossen | Fotboll"},"content":{"rendered":"<p>Publicerad 21 dec 2025 kl 15.48Uppdaterad kl 20.02<\/p>\n<p>Ingen Diamantboll f\u00f6r Johanna Rytting Kaneryd.<\/p>\n<p>D\u00e5 gav hon svar p\u00e5 tal med karri\u00e4rens f\u00f6rsta hattrick \u2013 p\u00e5 27 minuter.<\/p>\n<p>Tony Gustavsson om stormen i herrlandslaget<img   alt=\"\"\/><\/p>\n<p>Johanna Rytting-Kaneryd.<\/p>\n<p>Foto: RICHARD SELLERS \/ AP TT NYHETSBYR\u00c5N<\/p>\n<p>\u00d6ppna bild i helsk\u00e4rm<\/p>\n<p>Tidigare i veckan tilldelades lagkamraten Nathalie Bj\u00f6rn priset som landets b\u00e4sta fotbollsspelare och fjol\u00e5rsvinnaren <a href=\"https:\/\/www.expressen.se\/tagg\/person\/johanna-rytting-kaneryd\/\" class=\"\" rel=\"nofollow noopener\" target=\"_blank\">Johanna Rytting Kaneryd<\/a> nobbades.<\/p>\n<p>Nu har hon visat klassen i ligacupm\u00f6tet med Liverpool. Detta genom att s\u00e4tta ett hattrick \u2013 p\u00e5 endast 27 minuter.<\/p>\n<p>Redan efter f\u00f6rsta halvlek var st\u00e4llningen 4\u20130 det bl\u00e5a Londonlaget. Sedan lade sig den svenska stj\u00e4rnan i h\u00e4ndelserna.<\/p>\n<p>I minut 53 satte hon sitt f\u00f6rsta m\u00e5l i matchen och f\u00f6ljde sedan upp det med ett till i den 74:e minuten.<\/p>\n<p>Allt innan Rytting-Kaneryd satte 8\u20131-m\u00e5let och fullbordade sitt f\u00f6rsta hattrick i karri\u00e4ren.<\/p>\n<p>D\u00e4refter kunde Chelsea s\u00e4kra avancemanget till semifinalen i ligacupen via slutresultatet 9\u20131. Blytungt f\u00f6r Beata Olsson och Liverpool.<\/p>\n<p>Trippel svensk succ\u00e9<\/p>\n<p>En rolig s\u00f6ndagseftermiddag fick samtidigt svenskduon Fridolina Rolf\u00f6 och Stina Blackstenius.<\/p>\n<p>Rolf\u00f6, som \u00e4ven stod f\u00f6r en assist, sk\u00f6t n\u00e4mligen \u00e4ven Manchester United vidare till semifinal i ett m\u00f6te med Tottenham.<\/p>\n<p>F\u00f6r Arsenal blev Blackstenius m\u00e5lskytt i kvartsfinalsegern mot Crystal Palace.\u00a0<\/p>\n<p>Deras respektive lag m\u00f6ts nu i n\u00e4sta omg\u00e5ng i kampen om en finalplats.<\/p>\n<p>Semifinalerna spelas i mitten av januari.<\/p>\n","protected":false},"excerpt":{"rendered":"Publicerad 21 dec 2025 kl 15.48Uppdaterad kl 20.02 Ingen Diamantboll f\u00f6r Johanna Rytting Kaneryd. D\u00e5 gav hon svar&hellip;\n","protected":false},"author":2,"featured_media":113128,"comment_status":"","ping_status":"","sticky":false,"template":"","format":"standard","meta":{"footnotes":""},"categories":[68],"tags":[4686,6715,34,129,111,110,31,33,32,30],"class_list":{"0":"post-113127","1":"post","2":"type-post","3":"status-publish","4":"format-standard","5":"has-post-thumbnail","7":"category-sport","8":"tag-organization-chelsea","9":"tag-person-johanna-rytting-kaneryd","10":"tag-se","11":"tag-sections-fotboll","12":"tag-sport","13":"tag-sports","14":"tag-svenska","15":"tag-sverige","16":"tag-sweden","17":"tag-swedish"},"share_on_mastodon":{"url":"https:\/\/pubeurope.com\/@se\/115759153356650733","error":""},"_links":{"self":[{"href":"https:\/\/www.europesays.com\/se\/wp-json\/wp\/v2\/posts\/113127","targetHints":{"allow":["GET"]}}],"collection":[{"href":"https:\/\/www.europesays.com\/se\/wp-json\/wp\/v2\/posts"}],"about":[{"href":"https:\/\/www.europesays.com\/se\/wp-json\/wp\/v2\/types\/post"}],"author":[{"embeddable":true,"href":"https:\/\/www.europesays.com\/se\/wp-json\/wp\/v2\/users\/2"}],"replies":[{"embeddable":true,"href":"https:\/\/www.europesays.com\/se\/wp-json\/wp\/v2\/comments?post=113127"}],"version-history":[{"count":0,"href":"https:\/\/www.europesays.com\/se\/wp-json\/wp\/v2\/posts\/113127\/revisions"}],"wp:featuredmedia":[{"embeddable":true,"href":"https:\/\/www.europesays.com\/se\/wp-json\/wp\/v2\/media\/113128"}],"wp:attachment":[{"href":"https:\/\/www.europesays.com\/se\/wp-json\/wp\/v2\/media?parent=113127"}],"wp:term":[{"taxonomy":"category","embeddable":true,"href":"https:\/\/www.europesays.com\/se\/wp-json\/wp\/v2\/categories?post=113127"},{"taxonomy":"post_tag","embeddable":true,"href":"https:\/\/www.europesays.com\/se\/wp-json\/wp\/v2\/tags?post=113127"}],"curies":[{"name":"wp","href":"https:\/\/api.w.org\/{rel}","templated":true}]}}