{"id":113141,"date":"2025-12-21T19:25:26","date_gmt":"2025-12-21T19:25:26","guid":{"rendered":"https:\/\/www.europesays.com\/se\/113141\/"},"modified":"2025-12-21T19:25:26","modified_gmt":"2025-12-21T19:25:26","slug":"amerikanska-underrattelser-putin-vill-ha-mer-an-ukraina-hufvudstadsbladet","status":"publish","type":"post","link":"https:\/\/www.europesays.com\/se\/113141\/","title":{"rendered":"Amerikanska underr\u00e4ttelser: Putin vill ha mer \u00e4n Ukraina &#8211; Hufvudstadsbladet"},"content":{"rendered":"<ol>\n<li><a href=\"https:\/\/news.google.com\/rss\/articles\/CBMijwFBVV95cUxNV0Q5RTVHNHVMSTFtRGY5ZW5USzVtc2pwYWlzVVZxalAtNWQ0NDBJTWJ6YUQ1d2N2S1RIUHVXZ1dJbk42RlYxQXRtMy01UTFDX1RYVFc4OEZneGF1Ql80ZnNfVE9nNUkwa2hCdFJDYjdON3Z2d1pER282YmNHekNITng0ZXJhZ19sMG5oMW5QWQ?oc=5\" target=\"_blank\" rel=\"nofollow noopener\">Amerikanska underr\u00e4ttelser: Putin vill ha mer \u00e4n Ukraina<\/a>&nbsp;&nbsp;Hufvudstadsbladet<\/li>\n<li><a href=\"https:\/\/news.google.com\/rss\/articles\/CBMihgFBVV95cUxOOEFvbnhpQWlza1VxeDFoMFVXTTJZVzI4UTZSdFZOMGZWdEs1aFRMelU5NE9wMDBGU2c2TF9ZZTVJSUN6V0NBOVlKSkMxMzJTWnZ2VEhPSUd4SEdQLXpUNkRrYjRaZlFwLUlyREIxcEhneXM5WEljRk5WU3V1SGUtNzVGUnNrZw?oc=5\" target=\"_blank\" rel=\"nofollow noopener\">Tyske ledaren liknar Putin vid Hitler<\/a>&nbsp;&nbsp;Expressen<\/li>\n<li><a href=\"https:\/\/news.google.com\/rss\/articles\/CBMihAJBVV95cUxQY3VncVMzWk5Ha3hfbVJSOHdsZ00tX2dZNVRlTFJta2JsVFBHQ2JKdWpNU1I1YVExQjBfYV9NZGZULXlfemh6UkUzT2JSTS1rVi1xSUxpS3A1V0ZSSm0ycmlOSS1qZ09SNGE4R1JtQjlkVGVCNld2SG45am5hRmhSMm5USUtLOWo4OXcwQ3dwNGx1U0d3RldYTzhvYTlHVnp6dXFCblBGcUc3ajdDeW9vRmlKVG12OTZfMF9tZHk3VlBUZkljaFU4NzItQTJqeGRJUlN4RXAzX081MHRxbmZINUZCNzQwc2hyb05oZGZZVDZjNldwOXpsOUd3MHpTZmdwTERlRA?oc=5\" target=\"_blank\" rel=\"nofollow noopener\">EU varnar f\u00f6r att Putins m\u00e5l kan str\u00e4cka sig bortom Donbas<\/a>&nbsp;&nbsp;MSN<\/li>\n<li><a href=\"https:\/\/news.google.com\/rss\/articles\/CBMihAFBVV95cUxOTWZpamVkZC0tU2ZRMkFNbV8tWkR1ODBDcXB2c3B0Y2pTQXFtaV8zM2NuQ2FrWlh5MWxWeWZBblhSaHFtLWQtOHJLa2NDWGN2NnlMSGFwd3ZaelVzVUlkTTA2c1lsZGdzTVdhWlZNN0dvaFlyQkJQSVdXak5Obm9OUXFBLVA?oc=5\" target=\"_blank\" rel=\"nofollow noopener\">Amerikansk\u00ada underr\u00e4tte\u00adlser: Putin vill ha mer \u00e4n Ukraina<\/a>&nbsp;&nbsp;PressReader<\/li>\n<li><a href=\"https:\/\/news.google.com\/rss\/articles\/CBMioAFBVV95cUxOdU1Fbkt4MWxfTkNMNjhjOE5DNFVsYTdaSnNiMDliY1Z0UDBnLXFjWFB6UnZWaktJbnRiNC0yTXc5c2xpNkF0aTZ6bHBjOXhDV0I1a2pxQ0JoUVlzSmd4cmpQVXNRX3dpRkk1WkgtQU9VQzRuNlpRNDZ4Mkk4T2dUNHRnUXo4c3VqY2xpSHkwU3RMdUN0ejlzc1ljeU5UZjZk?oc=5\" target=\"_blank\" rel=\"nofollow noopener\">K\u00e4llor: Putins n\u00e4rmaste ska ha v\u00e4grat order \u2013 varnade f\u00f6r att g\u00e5 in i Ukraina<\/a>&nbsp;&nbsp;Omni<\/li>\n<\/ol>\n","protected":false},"excerpt":{"rendered":"Amerikanska underr\u00e4ttelser: Putin vill ha mer \u00e4n Ukraina&nbsp;&nbsp;Hufvudstadsbladet Tyske ledaren liknar Putin vid Hitler&nbsp;&nbsp;Expressen EU varnar f\u00f6r att&hellip;\n","protected":false},"author":2,"featured_media":113142,"comment_status":"","ping_status":"","sticky":false,"template":"","format":"standard","meta":{"footnotes":""},"categories":[14],"tags":[22,23,26,27,17,21,24,25,28,29,15,16,18,34,31,33,32,30,19,20,51,52,53,54],"class_list":{"0":"post-113141","1":"post","2":"type-post","3":"status-publish","4":"format-standard","5":"has-post-thumbnail","7":"category-varlden","8":"tag-breaking-news","9":"tag-breakingnews","10":"tag-featured-news","11":"tag-featurednews","12":"tag-headlines","13":"tag-huvudnyheter","14":"tag-latest-news","15":"tag-latestnews","16":"tag-main-news","17":"tag-mainnews","18":"tag-news","19":"tag-nyheter","20":"tag-rubriker","21":"tag-se","22":"tag-svenska","23":"tag-sverige","24":"tag-sweden","25":"tag-swedish","26":"tag-top-stories","27":"tag-topstories","28":"tag-varlden","29":"tag-world","30":"tag-world-news","31":"tag-worldnews"},"share_on_mastodon":{"url":"https:\/\/pubeurope.com\/@se\/115759200540652962","error":""},"_links":{"self":[{"href":"https:\/\/www.europesays.com\/se\/wp-json\/wp\/v2\/posts\/113141","targetHints":{"allow":["GET"]}}],"collection":[{"href":"https:\/\/www.europesays.com\/se\/wp-json\/wp\/v2\/posts"}],"about":[{"href":"https:\/\/www.europesays.com\/se\/wp-json\/wp\/v2\/types\/post"}],"author":[{"embeddable":true,"href":"https:\/\/www.europesays.com\/se\/wp-json\/wp\/v2\/users\/2"}],"replies":[{"embeddable":true,"href":"https:\/\/www.europesays.com\/se\/wp-json\/wp\/v2\/comments?post=113141"}],"version-history":[{"count":0,"href":"https:\/\/www.europesays.com\/se\/wp-json\/wp\/v2\/posts\/113141\/revisions"}],"wp:featuredmedia":[{"embeddable":true,"href":"https:\/\/www.europesays.com\/se\/wp-json\/wp\/v2\/media\/113142"}],"wp:attachment":[{"href":"https:\/\/www.europesays.com\/se\/wp-json\/wp\/v2\/media?parent=113141"}],"wp:term":[{"taxonomy":"category","embeddable":true,"href":"https:\/\/www.europesays.com\/se\/wp-json\/wp\/v2\/categories?post=113141"},{"taxonomy":"post_tag","embeddable":true,"href":"https:\/\/www.europesays.com\/se\/wp-json\/wp\/v2\/tags?post=113141"}],"curies":[{"name":"wp","href":"https:\/\/api.w.org\/{rel}","templated":true}]}}