{"id":11317,"date":"2025-08-22T18:48:07","date_gmt":"2025-08-22T18:48:07","guid":{"rendered":"https:\/\/www.europesays.com\/se\/11317\/"},"modified":"2025-08-22T18:48:07","modified_gmt":"2025-08-22T18:48:07","slug":"grannarnas-oro-sokte-efter-forsvunne-78-aringen-i-blekinge","status":"publish","type":"post","link":"https:\/\/www.europesays.com\/se\/11317\/","title":{"rendered":"Grannarnas oro \u2013 s\u00f6kte efter f\u00f6rsvunne 78-\u00e5ringen i Blekinge"},"content":{"rendered":"<p>Publicerad 22 aug 2025 kl 18.16<\/p>\n<p>Polisen, hemv\u00e4rnet och Missing People s\u00f6kte efter den f\u00f6rsvunne 78-\u00e5ringen p\u00e5 Blekinges sm\u00e5 skogsv\u00e4gar \u2013 i \u00f6ver tv\u00e5 dygn.<\/p>\n<p>Samtidigt gav sig grannar ut och letade p\u00e5 egen hand, timme efter timme.<\/p>\n<p>\u2013 Vi f\u00f6rs\u00f6kte t\u00e4nka som han t\u00e4nker, s\u00e4ger grannen Monica.<\/p>\n<p>Senaste nyhetsklippen fr\u00e5n Expressen.<img   alt=\"\"\/><\/p>\n<p>Grannarna i den idylliska byn var oroliga f\u00f6r 78-\u00e5ringen under de drygt tv\u00e5 dygn som han var borta.<\/p>\n<p>Foto: JENS CHRISTIAN<\/p>\n<p>\u00d6ppna bild i helsk\u00e4rm<img loading=\"lazy\"   alt=\"\"\/><\/p>\n<p>Grannen Monica k\u00e4nner 78-\u00e5ringen sedan l\u00e4nge. Hon och hennes man var ute och letade, parallellt med det officiella s\u00f6ket.<\/p>\n<p>Foto: JENS CHRISTIAN<\/p>\n<p>\u00d6ppna bild i helsk\u00e4rm<\/p>\n<p>Det var p\u00e5 tisdagsmorgonen som mannen skjutsade sin sambo till Ronneby flygplats i Kallinge i Blekinge. Efter att paret sagt adj\u00f6, b\u00f6rjade mannen k\u00f6ra hem\u00e5t igen, mot huset i Tingsryds kommun i Sm\u00e5land.<\/p>\n<p>Men av n\u00e5gon anledning tog han inte raka v\u00e4gen.<\/p>\n<p>Efter en stunds k\u00f6rning fastnade han dessutom i en grop p\u00e5 grusv\u00e4gen.<\/p>\n<p>Han ringde f\u00f6rst sambon och ber\u00e4ttade vad som h\u00e4nt. D\u00e4refter larmade han polis \u2013 ett samtal som dock br\u00f6ts innan han hunnit beskriva sin position.<\/p>\n<p>En stor s\u00f6kinsats sattes in efter mannen.<\/p>\n<p>B\u00e5de polisen, hemv\u00e4rnet och <a href=\"https:\/\/www.expressen.se\/tagg\/organization\/missing-people\/\" class=\"\" rel=\"nofollow noopener\" target=\"_blank\">Missing People<\/a> var inblandade i det officiella s\u00f6ket.<\/p>\n<p><img loading=\"lazy\"   alt=\"\"\/><\/p>\n<p>Mc-poliser deltog i s\u00f6kandet.<\/p>\n<p>Foto: LENA EHRING \/ BLT<\/p>\n<p>\u00d6ppna bild i helsk\u00e4rm<\/p>\n<p>Men samtidigt gav sig mer \u00e4n en granne ut och letade p\u00e5 egen hand. Engagemanget och grannsamverkan \u00e4r stor h\u00e4r, s\u00e4ger m\u00e5nga. Nu f\u00f6rs\u00f6kte v\u00e4nner och bekanta s\u00e4tta sig in i hur mannen k\u00f6rt efter att han l\u00e4mnade avg\u00e5ngshallen, den senaste k\u00e4nda platsen.<\/p>\n<p>\u2013 Vi f\u00f6rs\u00f6kte t\u00e4nka som han t\u00e4nkte, s\u00e4ger grannen Monica.<\/p>\n<p>Hon \u00e4r bekant med 78-\u00e5ringen och hans familj sedan l\u00e4nge.\u00a0<\/p>\n<p>\u2013 Min man var ute och letade b\u00e5de tisdag och onsdag, och jag var med p\u00e5 onsdagen. Sedan har man g\u00e5tt h\u00e4r hemma och letat information i tidningarna.<\/p>\n<p>\u2013 Vi k\u00e4nner alla h\u00e4r och det \u00e4r mycket kontakt mellan grannarna: \u00c4r det n\u00e5gon som har h\u00f6rt n\u00e5got? Alla har varit oroliga.<\/p>\n<p>Grannarna gav sig ut och letade<\/p>\n<p>Sambon hade b\u00e5de hunnit byta plan i Stockholm och landa p\u00e5 slutm\u00e5let n\u00e4r hon f\u00f6rstod vad som h\u00e4nt. Hon \u00e5terv\u00e4nde till Blekinge med v\u00e4ndande plan.<\/p>\n<p>I trakterna runt Tving fortsatte letandet. Flera grannar ber\u00e4ttar hur de tillbringade timme efter timme med att finkamma de sm\u00e5 skogsv\u00e4garna. Men eftersom de inte visste vilken v\u00e4g 78-\u00e5ringen tagit hem, var det m\u00e5nga som letade p\u00e5 fel st\u00e4lle.\u00a0<\/p>\n<p><img loading=\"lazy\"   alt=\"\"\/><\/p>\n<p>\u201dDet \u00e4r klart man var orolig\u201d, s\u00e4ger Monica p\u00e5 fredagen.<\/p>\n<p>Foto: JENS CHRISTIAN<\/p>\n<p>\u00d6ppna bild i helsk\u00e4rm<\/p>\n<p>Att engagemanget och bysamh\u00f6righeten \u00e4r stor, var det d\u00e4remot inget tvivel om.<\/p>\n<p>\u2013 Det \u00e4r klart man var orolig. Alla var oroliga, s\u00e4ger Monica.<\/p>\n<p>P\u00e5 torsdagseftermiddagen hade oron v\u00e4xt ytterligare. Mer \u00e4n tv\u00e5 dygn, utan mat och vatten. V\u00e5gade man verkligen hoppas att 78-\u00e5ringen klarat detta?<\/p>\n<p>Annons<\/p>\n<p>D\u00e5 kom den fantastiska nyheten: Han var \u00e5terfunnen.<\/p>\n<p>Tv\u00e5 mc-poliser hittade honom n\u00e4ra sin bil p\u00e5 en skogsv\u00e4g vid Alnaryd i mellersta Blekinge.<\/p>\n<p>\u2013 Han ropade p\u00e5 hj\u00e4lp. N\u00e4r vi kom fram s\u00e5 skriker han hj\u00e4lp, s\u00e4ger en av dem, Patric Tenggren, till <a href=\"https:\/\/www.svt.se\/nyheter\/lokalt\/blekinge\/skanska-mc-polisernas-hjalteinsats-hittade-forsvunne-mannen-i-skogen\" rel=\"nofollow noopener\" target=\"_blank\">SVT Nyheter Blekinge<\/a>.\u00a0<\/p>\n<p>Ambulans kallades till den smala skogsv\u00e4gen och f\u00f6rde mannen till sjukhuset i Karlskrona, d\u00e4r han fortfarande \u00e4r kvar.<\/p>\n<p>Polisens bild \u00e4r att mannen hela tiden h\u00e5llit sig n\u00e4ra sin bil.<\/p>\n<p>\u2013 Nu ska insatsen utv\u00e4rderas, naturligtvis, s\u00e4ger talespersonen Thomas Johansson.<\/p>\n<p>Grannarna i Tingsryd kan \u00e4ntligen andas ut.\u00a0<\/p>\n<p>\u2013 Jag trodde inte att det var sant n\u00e4r vi fick veta det. Vi var s\u00e5 imponerade att han hade klarat det, s\u00e4ger grannen Monica.<\/p>\n<p><strong>L\u00c4S MER: <\/strong><a href=\"https:\/\/www.expressen.se\/nyheter\/sverige\/sokomradena-utokas-i-jakten-pa-forsvunnen-man\/\" class=\"\" rel=\"nofollow noopener\" target=\"_blank\">Hittad vid liv efter flera dagar<\/a><strong>L\u00c4S MER: <\/strong><a href=\"https:\/\/www.expressen.se\/nyheter\/sverige\/stor-insats-efter-forsvunnen-man-maximal-otur-\/\" class=\"\" rel=\"nofollow noopener\" target=\"_blank\">Stor insats efter f\u00f6rsvunnen man: \u201dMaximal otur\u201d<\/a><\/p>\n","protected":false},"excerpt":{"rendered":"Publicerad 22 aug 2025 kl 18.16 Polisen, hemv\u00e4rnet och Missing People s\u00f6kte efter den f\u00f6rsvunne 78-\u00e5ringen p\u00e5 Blekinges&hellip;\n","protected":false},"author":2,"featured_media":11318,"comment_status":"","ping_status":"","sticky":false,"template":"","format":"standard","meta":{"footnotes":""},"categories":[5],"tags":[22,23,26,27,1284,17,21,24,25,1571,1570,1569,28,29,15,16,1568,18,34,154,31,33,32,30,19,710,20],"class_list":{"0":"post-11317","1":"post","2":"type-post","3":"status-publish","4":"format-standard","5":"has-post-thumbnail","7":"category-rubriker","8":"tag-breaking-news","9":"tag-breakingnews","10":"tag-featured-news","11":"tag-featurednews","12":"tag-function-nyhetslag-3","13":"tag-headlines","14":"tag-huvudnyheter","15":"tag-latest-news","16":"tag-latestnews","17":"tag-location-blekinge","18":"tag-location-karlskrona","19":"tag-location-smaland","20":"tag-main-news","21":"tag-mainnews","22":"tag-news","23":"tag-nyheter","24":"tag-organization-missing-people","25":"tag-rubriker","26":"tag-se","27":"tag-sections-sverige","28":"tag-svenska","29":"tag-sverige","30":"tag-sweden","31":"tag-swedish","32":"tag-top-stories","33":"tag-topic-raddningstjanst-raddningsinsats","34":"tag-topstories"},"share_on_mastodon":{"url":"","error":""},"_links":{"self":[{"href":"https:\/\/www.europesays.com\/se\/wp-json\/wp\/v2\/posts\/11317","targetHints":{"allow":["GET"]}}],"collection":[{"href":"https:\/\/www.europesays.com\/se\/wp-json\/wp\/v2\/posts"}],"about":[{"href":"https:\/\/www.europesays.com\/se\/wp-json\/wp\/v2\/types\/post"}],"author":[{"embeddable":true,"href":"https:\/\/www.europesays.com\/se\/wp-json\/wp\/v2\/users\/2"}],"replies":[{"embeddable":true,"href":"https:\/\/www.europesays.com\/se\/wp-json\/wp\/v2\/comments?post=11317"}],"version-history":[{"count":0,"href":"https:\/\/www.europesays.com\/se\/wp-json\/wp\/v2\/posts\/11317\/revisions"}],"wp:featuredmedia":[{"embeddable":true,"href":"https:\/\/www.europesays.com\/se\/wp-json\/wp\/v2\/media\/11318"}],"wp:attachment":[{"href":"https:\/\/www.europesays.com\/se\/wp-json\/wp\/v2\/media?parent=11317"}],"wp:term":[{"taxonomy":"category","embeddable":true,"href":"https:\/\/www.europesays.com\/se\/wp-json\/wp\/v2\/categories?post=11317"},{"taxonomy":"post_tag","embeddable":true,"href":"https:\/\/www.europesays.com\/se\/wp-json\/wp\/v2\/tags?post=11317"}],"curies":[{"name":"wp","href":"https:\/\/api.w.org\/{rel}","templated":true}]}}