{"id":113179,"date":"2025-12-21T20:17:08","date_gmt":"2025-12-21T20:17:08","guid":{"rendered":"https:\/\/www.europesays.com\/se\/113179\/"},"modified":"2025-12-21T20:17:08","modified_gmt":"2025-12-21T20:17:08","slug":"kallor-usa-forfoljer-oljefartyg-utanfor-venezuela-kust","status":"publish","type":"post","link":"https:\/\/www.europesays.com\/se\/113179\/","title":{"rendered":"K\u00e4llor: USA f\u00f6rf\u00f6ljer oljefartyg utanf\u00f6r Venezuela kust"},"content":{"rendered":"<p>USA:s milit\u00e4r f\u00f6rf\u00f6ljer ett handelsfartyg vid Venezuelas kust. Det uppger k\u00e4llor f\u00f6r nyhetsbyr\u00e5n Bloomberg. Tidigare p\u00e5 s\u00f6ndagen uppgav k\u00e4llor att amerikanska styrkor hade bordat fartyget.<\/p>\n<p>Fartyget har beteckningen Bella 1 och \u00e4r Panamaflaggat. Fartyget f\u00e4rdades mot Venezuela f\u00f6r att lastas med olja, enligt k\u00e4llor, n\u00e4r USA:s milit\u00e4r och kustbevakning b\u00f6rjade f\u00f6rf\u00f6lja b\u00e5ten. <\/p>\n<p>USA:s president Donald Trump har utropat en blockad mot alla oljefartyg som tar sig till och fr\u00e5n Venezuela. D\u00e4refter har USA bordat tv\u00e5 fartyg n\u00e4ra Venezuela \u2013 senast p\u00e5 l\u00f6rdagen. <\/p>\n","protected":false},"excerpt":{"rendered":"USA:s milit\u00e4r f\u00f6rf\u00f6ljer ett handelsfartyg vid Venezuelas kust. Det uppger k\u00e4llor f\u00f6r nyhetsbyr\u00e5n Bloomberg. Tidigare p\u00e5 s\u00f6ndagen uppgav&hellip;\n","protected":false},"author":2,"featured_media":793,"comment_status":"","ping_status":"","sticky":false,"template":"","format":"standard","meta":{"footnotes":""},"categories":[14],"tags":[22,23,26,27,17,21,24,25,28,29,15,16,18,34,31,33,32,30,19,20,51,52,53,54],"class_list":{"0":"post-113179","1":"post","2":"type-post","3":"status-publish","4":"format-standard","5":"has-post-thumbnail","7":"category-varlden","8":"tag-breaking-news","9":"tag-breakingnews","10":"tag-featured-news","11":"tag-featurednews","12":"tag-headlines","13":"tag-huvudnyheter","14":"tag-latest-news","15":"tag-latestnews","16":"tag-main-news","17":"tag-mainnews","18":"tag-news","19":"tag-nyheter","20":"tag-rubriker","21":"tag-se","22":"tag-svenska","23":"tag-sverige","24":"tag-sweden","25":"tag-swedish","26":"tag-top-stories","27":"tag-topstories","28":"tag-varlden","29":"tag-world","30":"tag-world-news","31":"tag-worldnews"},"share_on_mastodon":{"url":"https:\/\/pubeurope.com\/@se\/115759405123860999","error":""},"_links":{"self":[{"href":"https:\/\/www.europesays.com\/se\/wp-json\/wp\/v2\/posts\/113179","targetHints":{"allow":["GET"]}}],"collection":[{"href":"https:\/\/www.europesays.com\/se\/wp-json\/wp\/v2\/posts"}],"about":[{"href":"https:\/\/www.europesays.com\/se\/wp-json\/wp\/v2\/types\/post"}],"author":[{"embeddable":true,"href":"https:\/\/www.europesays.com\/se\/wp-json\/wp\/v2\/users\/2"}],"replies":[{"embeddable":true,"href":"https:\/\/www.europesays.com\/se\/wp-json\/wp\/v2\/comments?post=113179"}],"version-history":[{"count":0,"href":"https:\/\/www.europesays.com\/se\/wp-json\/wp\/v2\/posts\/113179\/revisions"}],"wp:featuredmedia":[{"embeddable":true,"href":"https:\/\/www.europesays.com\/se\/wp-json\/wp\/v2\/media\/793"}],"wp:attachment":[{"href":"https:\/\/www.europesays.com\/se\/wp-json\/wp\/v2\/media?parent=113179"}],"wp:term":[{"taxonomy":"category","embeddable":true,"href":"https:\/\/www.europesays.com\/se\/wp-json\/wp\/v2\/categories?post=113179"},{"taxonomy":"post_tag","embeddable":true,"href":"https:\/\/www.europesays.com\/se\/wp-json\/wp\/v2\/tags?post=113179"}],"curies":[{"name":"wp","href":"https:\/\/api.w.org\/{rel}","templated":true}]}}