{"id":113180,"date":"2025-12-21T20:18:08","date_gmt":"2025-12-21T20:18:08","guid":{"rendered":"https:\/\/www.europesays.com\/se\/113180\/"},"modified":"2025-12-21T20:18:08","modified_gmt":"2025-12-21T20:18:08","slug":"elva-barn-holls-isolerade-i-mellerud-mamman-doms","status":"publish","type":"post","link":"https:\/\/www.europesays.com\/se\/113180\/","title":{"rendered":"Elva barn h\u00f6lls isolerade i Mellerud \u2013 mamman d\u00f6ms"},"content":{"rendered":"<p>I januari d\u00f6mdes tv\u00e5 personer efter att elva barn h\u00e5llits isolerade fr\u00e5n omv\u00e4rlden i Mellerud. Tingsr\u00e4tten d\u00f6mde en man, pappan i familjen, och en kvinna som levt med familjen. Mamman friades, ett beslut som hovr\u00e4tten nu \u00e4ndrar enligt lokala medier.<\/p>\n<p>Tingsr\u00e4ttens motivering att mamman inte skulle ha varit medveten om missf\u00f6rh\u00e5llandena k\u00f6ps inte av hovr\u00e4tten. <\/p>\n<p>\u201dHon var m\u00e5ls\u00e4gandenas prim\u00e4ra omv\u00e5rdnadsperson och den som huvudsakligen haft det praktiska ansvaret\u201d skriver domstolen enligt GP. <\/p>\n<p>Kvinnan d\u00f6ms till tre m\u00e5naders f\u00e4ngelse och skyddstillsyn med friv\u00e5rdsprogram. <\/p>\n<p>Omni \u00e4r politiskt obundna och oberoende. Vi str\u00e4var efter att ge fler perspektiv p\u00e5 nyheterna. Har du fr\u00e5gor eller synpunkter kring v\u00e5r rapportering? <a href=\"https:\/\/omni.se\/elva-barn-holls-isolerade-i-mellerud-mamman-doms\/a\/mailto:redaktion@omni.se\" class=\"ArticleActions_contactLink__W2F1M\" rel=\"nofollow noopener\" target=\"_blank\">Kontakta redaktionen<\/a><\/p>\n","protected":false},"excerpt":{"rendered":"I januari d\u00f6mdes tv\u00e5 personer efter att elva barn h\u00e5llits isolerade fr\u00e5n omv\u00e4rlden i Mellerud. Tingsr\u00e4tten d\u00f6mde en&hellip;\n","protected":false},"author":2,"featured_media":113181,"comment_status":"","ping_status":"","sticky":false,"template":"","format":"standard","meta":{"footnotes":""},"categories":[12],"tags":[22,23,128,26,27,17,21,24,25,28,29,12369,15,16,18,34,31,33,32,30,19,20,1084],"class_list":{"0":"post-113180","1":"post","2":"type-post","3":"status-publish","4":"format-standard","5":"has-post-thumbnail","7":"category-sverige","8":"tag-breaking-news","9":"tag-breakingnews","10":"tag-brott","11":"tag-featured-news","12":"tag-featurednews","13":"tag-headlines","14":"tag-huvudnyheter","15":"tag-latest-news","16":"tag-latestnews","17":"tag-main-news","18":"tag-mainnews","19":"tag-mellerud","20":"tag-news","21":"tag-nyheter","22":"tag-rubriker","23":"tag-se","24":"tag-svenska","25":"tag-sverige","26":"tag-sweden","27":"tag-swedish","28":"tag-top-stories","29":"tag-topstories","30":"tag-vastra-gotalands-lan"},"share_on_mastodon":{"url":"https:\/\/pubeurope.com\/@se\/115759408965310535","error":""},"_links":{"self":[{"href":"https:\/\/www.europesays.com\/se\/wp-json\/wp\/v2\/posts\/113180","targetHints":{"allow":["GET"]}}],"collection":[{"href":"https:\/\/www.europesays.com\/se\/wp-json\/wp\/v2\/posts"}],"about":[{"href":"https:\/\/www.europesays.com\/se\/wp-json\/wp\/v2\/types\/post"}],"author":[{"embeddable":true,"href":"https:\/\/www.europesays.com\/se\/wp-json\/wp\/v2\/users\/2"}],"replies":[{"embeddable":true,"href":"https:\/\/www.europesays.com\/se\/wp-json\/wp\/v2\/comments?post=113180"}],"version-history":[{"count":0,"href":"https:\/\/www.europesays.com\/se\/wp-json\/wp\/v2\/posts\/113180\/revisions"}],"wp:featuredmedia":[{"embeddable":true,"href":"https:\/\/www.europesays.com\/se\/wp-json\/wp\/v2\/media\/113181"}],"wp:attachment":[{"href":"https:\/\/www.europesays.com\/se\/wp-json\/wp\/v2\/media?parent=113180"}],"wp:term":[{"taxonomy":"category","embeddable":true,"href":"https:\/\/www.europesays.com\/se\/wp-json\/wp\/v2\/categories?post=113180"},{"taxonomy":"post_tag","embeddable":true,"href":"https:\/\/www.europesays.com\/se\/wp-json\/wp\/v2\/tags?post=113180"}],"curies":[{"name":"wp","href":"https:\/\/api.w.org\/{rel}","templated":true}]}}