{"id":113190,"date":"2025-12-21T20:25:08","date_gmt":"2025-12-21T20:25:08","guid":{"rendered":"https:\/\/www.europesays.com\/se\/113190\/"},"modified":"2025-12-21T20:25:08","modified_gmt":"2025-12-21T20:25:08","slug":"kallor-usa-forfoljer-oljefartyg-vid-venezuela-vasterbottens-kuriren","status":"publish","type":"post","link":"https:\/\/www.europesays.com\/se\/113190\/","title":{"rendered":"K\u00e4llor: USA f\u00f6rf\u00f6ljer oljefartyg vid Venezuela &#8211; V\u00e4sterbottens-Kuriren"},"content":{"rendered":"<ol>\n<li><a href=\"https:\/\/news.google.com\/rss\/articles\/CBMihwFBVV95cUxQRzBQNnVzMDF4RmJTRjI4bHFTTncxMVdITU5abjNjYnBtVXgxSHZmTHdfSy1xMElCMlJjbWt5YVFKUmhpM0lUbE12UV9DYWtnQ1k0Y0xHdWZCN1VQM0xpTnVjbzk3V3AtUWFmaWpWeXZyU1ZMbF9CZ0N4MmVhR0F3Zy00bnZmMXc?oc=5\" target=\"_blank\" rel=\"nofollow noopener\">K\u00e4llor: USA f\u00f6rf\u00f6ljer oljefartyg vid Venezuela<\/a>&nbsp;&nbsp;V\u00e4sterbottens-Kuriren<\/li>\n<li><a href=\"https:\/\/news.google.com\/rss\/articles\/CBMifkFVX3lxTFBmZHdCRkd5d0tjSVYyTkNGbG02WVAybFJINkd4LWdaQWtZSTBGbFg4MEc2dDFvaFptUmFLVnRXNkd6RVpwblpMZXRMaWJCc0ltRlRtMlc0STRpVHpVaWxHWHMtSFZoQ2F4eGVtSzF5emFzeGpVVWdPdElnZnlYdw?oc=5\" target=\"_blank\" rel=\"nofollow noopener\">USA stoppade oljetanker i gryningsr\u00e4d<\/a>&nbsp;&nbsp;Aftonbladet<\/li>\n<li><a href=\"https:\/\/news.google.com\/rss\/articles\/CBMikgFBVV95cUxOT21KNkVRakV6a1FjbkZUZjloMHRGcW9sTlZySGhsT3lBRzltWGxQQXI2Skp6V0hrOTdqWURxbG9OclJ0azRQb0kzZy1WZWhEbVBGRHVMdEdoUWQ5VjY1UC1qQ0lkelVWV2dRcFU5NFZOc0tvbl9BUEMzbGk2SXdNYXZVRXROMURJLWtmN3BHVTI1QQ?oc=5\" target=\"_blank\" rel=\"nofollow noopener\">USA beslagtar oljetanker som senast l\u00e4mnade Venezuela<\/a>&nbsp;&nbsp;SVT Nyheter<\/li>\n<li><a href=\"https:\/\/news.google.com\/rss\/articles\/CBMiiAFBVV95cUxPS2FxcHNnOUIyVXBuaGVybndsVFN2ODJ1dzZPakVtdk1wMFNoR3dJamhRX3hXRlNOWU5JOXlqaklkN2hPOXpsSHl4ejFxNk1CeTI4TjNEX0RNaThUQWJTelAwRGYzZ0VDbmpLZzlvTzBid01NMEpUQzhLSzlONC1NVk1IeHA1TkZG?oc=5\" target=\"_blank\" rel=\"nofollow noopener\">Hotet mot USA: De kommer att straffas<\/a>&nbsp;&nbsp;Expressen<\/li>\n<li><a href=\"https:\/\/news.google.com\/rss\/articles\/CBMijgFBVV95cUxPSG43clN4VXpEVDcydnpYSmZPTWZ0UFBTd2VCMmNYSFc5UVdoT2VrOHItM3JxZlpicG1WckhBVDZITVBLRkoyYVRuVkNmQzJxS2dmX3d0SVVZQnBhZW1Qalk5TVA5UW4wMEZzTy1OZWtfTGxGS2hRZXdkSXVhTHhZMktWV1hLTDJlUHFzamJR?oc=5\" target=\"_blank\" rel=\"nofollow noopener\">USA stoppar \u00e4nnu en oljetanker utanf\u00f6r Venezuela<\/a>&nbsp;&nbsp;Sveriges Radio<\/li>\n<\/ol>\n","protected":false},"excerpt":{"rendered":"K\u00e4llor: USA f\u00f6rf\u00f6ljer oljefartyg vid Venezuela&nbsp;&nbsp;V\u00e4sterbottens-Kuriren USA stoppade oljetanker i gryningsr\u00e4d&nbsp;&nbsp;Aftonbladet USA beslagtar oljetanker som senast l\u00e4mnade Venezuela&nbsp;&nbsp;SVT&hellip;\n","protected":false},"author":2,"featured_media":113191,"comment_status":"","ping_status":"","sticky":false,"template":"","format":"standard","meta":{"footnotes":""},"categories":[14],"tags":[22,23,26,27,17,21,24,25,28,29,15,16,18,34,31,33,32,30,19,20,51,52,53,54],"class_list":{"0":"post-113190","1":"post","2":"type-post","3":"status-publish","4":"format-standard","5":"has-post-thumbnail","7":"category-varlden","8":"tag-breaking-news","9":"tag-breakingnews","10":"tag-featured-news","11":"tag-featurednews","12":"tag-headlines","13":"tag-huvudnyheter","14":"tag-latest-news","15":"tag-latestnews","16":"tag-main-news","17":"tag-mainnews","18":"tag-news","19":"tag-nyheter","20":"tag-rubriker","21":"tag-se","22":"tag-svenska","23":"tag-sverige","24":"tag-sweden","25":"tag-swedish","26":"tag-top-stories","27":"tag-topstories","28":"tag-varlden","29":"tag-world","30":"tag-world-news","31":"tag-worldnews"},"share_on_mastodon":{"url":"https:\/\/pubeurope.com\/@se\/115759436457721139","error":""},"_links":{"self":[{"href":"https:\/\/www.europesays.com\/se\/wp-json\/wp\/v2\/posts\/113190","targetHints":{"allow":["GET"]}}],"collection":[{"href":"https:\/\/www.europesays.com\/se\/wp-json\/wp\/v2\/posts"}],"about":[{"href":"https:\/\/www.europesays.com\/se\/wp-json\/wp\/v2\/types\/post"}],"author":[{"embeddable":true,"href":"https:\/\/www.europesays.com\/se\/wp-json\/wp\/v2\/users\/2"}],"replies":[{"embeddable":true,"href":"https:\/\/www.europesays.com\/se\/wp-json\/wp\/v2\/comments?post=113190"}],"version-history":[{"count":0,"href":"https:\/\/www.europesays.com\/se\/wp-json\/wp\/v2\/posts\/113190\/revisions"}],"wp:featuredmedia":[{"embeddable":true,"href":"https:\/\/www.europesays.com\/se\/wp-json\/wp\/v2\/media\/113191"}],"wp:attachment":[{"href":"https:\/\/www.europesays.com\/se\/wp-json\/wp\/v2\/media?parent=113190"}],"wp:term":[{"taxonomy":"category","embeddable":true,"href":"https:\/\/www.europesays.com\/se\/wp-json\/wp\/v2\/categories?post=113190"},{"taxonomy":"post_tag","embeddable":true,"href":"https:\/\/www.europesays.com\/se\/wp-json\/wp\/v2\/tags?post=113190"}],"curies":[{"name":"wp","href":"https:\/\/api.w.org\/{rel}","templated":true}]}}