{"id":113197,"date":"2025-12-21T20:38:18","date_gmt":"2025-12-21T20:38:18","guid":{"rendered":"https:\/\/www.europesays.com\/se\/113197\/"},"modified":"2025-12-21T20:38:18","modified_gmt":"2025-12-21T20:38:18","slug":"paven-nar-jubelaret-avslutas-forblir-vi-hoppets-pilgrimer","status":"publish","type":"post","link":"https:\/\/www.europesays.com\/se\/113197\/","title":{"rendered":"P\u00e5ven: N\u00e4r jubel\u00e5ret avslutas f\u00f6rblir vi hoppets pilgrimer"},"content":{"rendered":"<p><b>Vatican News<\/b><\/p>\n<p>N\u00e4r han talade till de troende under den sista jubel\u00e5rsaudiensen detta heliga \u00e5r, p\u00e5minde p\u00e5ve Leo XIV de kristna om att den pilgrimsf\u00e4rd som jubel\u00e5ret har inspirerat inte tar slut.<\/p>\n<p>\u201dJubel\u00e5ret g\u00e5r mot sitt slut\u201d, sade p\u00e5ven, \u201dmen det hopp som detta \u00e5r har gett oss tar inte slut: vi kommer att f\u00f6rbli hoppets pilgrimer.\u201d<\/p>\n<p>I b\u00f6rjan av sin katekes, reflekterade p\u00e5ven \u00f6ver det annalkande julfirandet, och sa att den kristna trons hopp, som inte \u00e4r rotat i fruktan utan i Guds n\u00e4rhet, uppenbarad i Jesus Kristus.<\/p>\n<p>Utan Kristus, noterade han, kan f\u00f6rkunnelsen att \u201dHerren \u00e4r n\u00e4ra\u201d l\u00e5ta hotfull; men i Jesus blir den ett l\u00f6fte om barmh\u00e4rtighet.<\/p>\n<p>\u201dI Honom finns inget hot, utan f\u00f6rl\u00e5telse\u201d, sade p\u00e5ven och pekade p\u00e5 inkarnationens mysterium som det definitiva tecknet p\u00e5 en Gud som ger liv och st\u00e4ndigt f\u00f6rnyar det.<\/p>\n<p><b>Utan hopp \u00e4r vi d\u00f6da<\/b> <\/p>\n<p>Med h\u00e4nvisning till den helige Paulus ord till romarna \u2013 \u201di hoppet \u00e4r vi fr\u00e4lsta\u201d \u2013 f\u00f6rklarade p\u00e5ve Leo XIV att hopp inte \u00e4r en vag k\u00e4nsla, utan en levande och skapande kraft.<\/p>\n<p>\u201dUtan hopp \u00e4r vi d\u00f6da; med hopp n\u00e5r vi ljuset\u201d, sade han och beskrev hoppet som en teologal dygd, \u201den Guds kraft\u201d, som ger upphov till liv.<\/p>\n<p>Sann styrka, f\u00f6rklarade p\u00e5ven, finns inte i dominans eller fruktan. \u201dDet som hotar och d\u00f6dar \u00e4r inte styrka, utan arrogans, aggressiv r\u00e4dsla, ondska som inte skapar n\u00e5got.\u201d Guds kraft, f\u00f6der d\u00e4remot liv\u201d, och d\u00e4rf\u00f6r, avslutade han, \u201d\u00e4r att hoppas att skapa\u201d.<\/p>\n<p><b>Lyssna till jordens och de fattigas rop<\/b> <\/p>\n<p>Med utg\u00e5ngspunkt i den suckande skapelsen som beskrivs av den helige Paulus, uppmanade p\u00e5ve Leo XIV de troende att lyssna uppm\u00e4rksamt till \u201djordens rop och de fattigas rop\u201d, och beklagade or\u00e4ttvisan i en v\u00e4rld d\u00e4r resurser i allt h\u00f6gre grad koncentreras i h\u00e4nderna p\u00e5 n\u00e5gra f\u00e5. Gud, p\u00e5minde han, avs\u00e5g att skapelsens g\u00e5vor skulle tillh\u00f6ra alla.<\/p>\n<p>\u201dV\u00e5r uppgift\u201d, sade han rakt p\u00e5 sak, \u201d\u00e4r att skapa, inte att stj\u00e4la.\u201d<\/p>\n<p><b>Historien \u00e4r i Guds h\u00e4nder<\/b> <\/p>\n<p>\u00c4ven lidandet, noterade p\u00e5ven, f\u00e5r en ny mening i tron: det blir \u201df\u00f6rlossningens sm\u00e4rta\u201d. Gud forts\u00e4tter att skapa, och m\u00e4nniskan, buren av hoppet, kallas att samarbeta i detta skapande verk. \u201dHistorien\u201d, sade han, \u201d\u00e4r i Guds h\u00e4nder och i h\u00e4nderna p\u00e5 dem som hoppas p\u00e5 Honom.\u201d<\/p>\n<p>N\u00e4r han reflekterade \u00f6ver den marianska dimensionen av den kristna b\u00f6nen pekade p\u00e5ve Leo XIV p\u00e5 Maria fr\u00e5n Nasaret som den levande bilden av ett hopp som ger liv. I henne, sade han, ser de troende \u201den av oss som skapar\u201d, en som gav \u201dansikte, kropp och r\u00f6st \u00e5t Guds Ord\u201d.<\/p>\n<p>\u201dJesus vill f\u00f6das p\u00e5 nytt\u201d, sade p\u00e5ven. \u201dVi kan ge Honom kropp och r\u00f6st. Detta \u00e4r den f\u00f6delse som skapelsen v\u00e4ntar p\u00e5.\u201d<\/p>\n<p>\u201dAtt hoppas\u201d, avslutade han, \u201d\u00e4r att se denna v\u00e4rld bli Guds v\u00e4rld.\u201d<\/p>\n","protected":false},"excerpt":{"rendered":"Vatican News N\u00e4r han talade till de troende under den sista jubel\u00e5rsaudiensen detta heliga \u00e5r, p\u00e5minde p\u00e5ve Leo&hellip;\n","protected":false},"author":2,"featured_media":113198,"comment_status":"","ping_status":"","sticky":false,"template":"","format":"standard","meta":{"footnotes":""},"categories":[14],"tags":[22,23,26,27,17,21,24,25,28,29,15,16,18,34,31,33,32,30,19,20,51,52,53,54],"class_list":{"0":"post-113197","1":"post","2":"type-post","3":"status-publish","4":"format-standard","5":"has-post-thumbnail","7":"category-varlden","8":"tag-breaking-news","9":"tag-breakingnews","10":"tag-featured-news","11":"tag-featurednews","12":"tag-headlines","13":"tag-huvudnyheter","14":"tag-latest-news","15":"tag-latestnews","16":"tag-main-news","17":"tag-mainnews","18":"tag-news","19":"tag-nyheter","20":"tag-rubriker","21":"tag-se","22":"tag-svenska","23":"tag-sverige","24":"tag-sweden","25":"tag-swedish","26":"tag-top-stories","27":"tag-topstories","28":"tag-varlden","29":"tag-world","30":"tag-world-news","31":"tag-worldnews"},"share_on_mastodon":{"url":"https:\/\/pubeurope.com\/@se\/115759487576706560","error":""},"_links":{"self":[{"href":"https:\/\/www.europesays.com\/se\/wp-json\/wp\/v2\/posts\/113197","targetHints":{"allow":["GET"]}}],"collection":[{"href":"https:\/\/www.europesays.com\/se\/wp-json\/wp\/v2\/posts"}],"about":[{"href":"https:\/\/www.europesays.com\/se\/wp-json\/wp\/v2\/types\/post"}],"author":[{"embeddable":true,"href":"https:\/\/www.europesays.com\/se\/wp-json\/wp\/v2\/users\/2"}],"replies":[{"embeddable":true,"href":"https:\/\/www.europesays.com\/se\/wp-json\/wp\/v2\/comments?post=113197"}],"version-history":[{"count":0,"href":"https:\/\/www.europesays.com\/se\/wp-json\/wp\/v2\/posts\/113197\/revisions"}],"wp:featuredmedia":[{"embeddable":true,"href":"https:\/\/www.europesays.com\/se\/wp-json\/wp\/v2\/media\/113198"}],"wp:attachment":[{"href":"https:\/\/www.europesays.com\/se\/wp-json\/wp\/v2\/media?parent=113197"}],"wp:term":[{"taxonomy":"category","embeddable":true,"href":"https:\/\/www.europesays.com\/se\/wp-json\/wp\/v2\/categories?post=113197"},{"taxonomy":"post_tag","embeddable":true,"href":"https:\/\/www.europesays.com\/se\/wp-json\/wp\/v2\/tags?post=113197"}],"curies":[{"name":"wp","href":"https:\/\/api.w.org\/{rel}","templated":true}]}}