{"id":11321,"date":"2025-08-22T18:58:07","date_gmt":"2025-08-22T18:58:07","guid":{"rendered":"https:\/\/www.europesays.com\/se\/11321\/"},"modified":"2025-08-22T18:58:07","modified_gmt":"2025-08-22T18:58:07","slug":"1676-dagar-senare-jacob-josefson-gjorde-comeback-i-krossen","status":"publish","type":"post","link":"https:\/\/www.europesays.com\/se\/11321\/","title":{"rendered":"1676 dagar senare \u2013 Jacob Josefson gjorde comeback i krossen"},"content":{"rendered":"<p><strong>Djurg\u00e5rden slog Almtuna med 4\u20131 p\u00e5 fredagen i Norrt\u00e4lje.<br \/>D\u00e5 stod 34-\u00e5rige Jacob Josefson f\u00f6r comeback \u2013 efter mer \u00e4n 1600 dagar utanf\u00f6r rinken.<br \/>\u2013 Det \u00e4r kul att vara ig\u00e5ng p\u00e5 riktigt och grabbarna var grymma idag. Vi spelade en bra match, s\u00e4ger han i Expressens s\u00e4ndning.<\/strong><\/p>\n<p><img loading=\"lazy\" decoding=\"async\" width=\"1024\" height=\"658\" src=\"https:\/\/www.europesays.com\/se\/wp-content\/uploads\/2025\/08\/Nytt-projekt-15-1024x658.webp.webp\" alt=\"\" class=\"wp-image-298516\"  \/>Jacob Josefson i Djurg\u00e5rdens tr\u00f6ja 2021.<br \/>Foto: Bildbyr\u00e5n.<\/p>\n<p><a href=\"https:\/\/hockeysverige.se\/spelare\/jacob-josefson\" rel=\"nofollow noopener\" target=\"_blank\">Jacob Josefson <\/a>tvingades till ett uppeh\u00e5ll fr\u00e5n hockeyn mellan den 19 januari 2021 tills nu. Men sedan i somras \u00e4r han tillbaka och testar sig sj\u00e4lv i Djurg\u00e5rdens A-lag igen inf\u00f6r SHL-s\u00e4songen som v\u00e4ntar.<\/p>\n<p>Under fredagskv\u00e4llen m\u00f6ttes Almtuna och Djurg\u00e5rden i Norrt\u00e4lje Sportcentrum och d\u00e5 var Josefson tillbaka i uppst\u00e4llningen. F\u00f6r f\u00f6rsta g\u00e5ngen p\u00e5 1676 dagar, eller fyra \u00e5r och sju m\u00e5nader, var han med i laget. Detta som f\u00f6rstacenter i Djurg\u00e5rden.<\/p>\n<p>Josefson var p\u00e5 isen i samband med tre av fyra m\u00e5l, \u00e4ven om han inte gjorde n\u00e5gra po\u00e4ng s\u00e5 var han h\u00f6gst delaktig i anfallsspelet f\u00f6r Djurg\u00e5rden. <\/p>\n<p>Supertalangens turliga m\u00e5l<\/p>\n<p>M\u00e5lskyttar f\u00f6r Djurg\u00e5rden blev i tur och ordning Jesse Yl\u00f6nen, <a href=\"https:\/\/hockeysverige.se\/spelare\/anton-frondell\" rel=\"nofollow noopener\" target=\"_blank\">Anton Frondell<\/a>, Jesper Pettersson och H\u00e5vard Salsten.<\/p>\n<p>Vad g\u00e4ller Anton Frondells m\u00e5l \u2013\u00a0s\u00e5 var det en puck som han lade in mot m\u00e5l fr\u00e5n bakom m\u00e5let, som studsade in via m\u00e5lvakten.<\/p>\n<p>Djurg\u00e5rden vann till slut med 4\u20131 mot Almtuna. Detta efter ett sent reduceringsm\u00e5let fr\u00e5n Mikkel Oby Olsen med bara 1.30 kvar.<\/p>\n<p>Det \u00e5terst\u00e5r att se om\/n\u00e4r Jacob Josefson spelar i SHL f\u00f6r Djurg\u00e5rden. Men av matchen mot Almtuna att d\u00f6ma s\u00e5 s\u00e5g det positivt ut.<\/p>\n<p>I Expressens s\u00e4ndning ber\u00e4ttar han om hur det var att vara tillbaka.<\/p>\n<p>\u2013 N\u00e4r jag kom hit innan match s\u00e5 hade jag gl\u00f6mt bort vilka rutiner jag hade innan matchen s\u00e5 jag fick hitta p\u00e5 nya rutiner, s\u00e4ger han och forts\u00e4tter:<\/p>\n<p>\u2013 Brukade jag b\u00f6rja med att stretcha eller jogga, eller hur var det? Jag \u00e4r bara sjukt tacksam att f\u00e5 vara tillbaka p\u00e5 hockeyplanen och g\u00f6ra det jag \u00e4lskar mest.<\/p>\n","protected":false},"excerpt":{"rendered":"Djurg\u00e5rden slog Almtuna med 4\u20131 p\u00e5 fredagen i Norrt\u00e4lje.D\u00e5 stod 34-\u00e5rige Jacob Josefson f\u00f6r comeback \u2013 efter mer&hellip;\n","protected":false},"author":2,"featured_media":11322,"comment_status":"","ping_status":"","sticky":false,"template":"","format":"standard","meta":{"footnotes":""},"categories":[68],"tags":[34,133,134,111,110,31,33,32,30],"class_list":{"0":"post-11321","1":"post","2":"type-post","3":"status-publish","4":"format-standard","5":"has-post-thumbnail","7":"category-sport","8":"tag-se","9":"tag-second-news","10":"tag-shl","11":"tag-sport","12":"tag-sports","13":"tag-svenska","14":"tag-sverige","15":"tag-sweden","16":"tag-swedish"},"share_on_mastodon":{"url":"","error":""},"_links":{"self":[{"href":"https:\/\/www.europesays.com\/se\/wp-json\/wp\/v2\/posts\/11321","targetHints":{"allow":["GET"]}}],"collection":[{"href":"https:\/\/www.europesays.com\/se\/wp-json\/wp\/v2\/posts"}],"about":[{"href":"https:\/\/www.europesays.com\/se\/wp-json\/wp\/v2\/types\/post"}],"author":[{"embeddable":true,"href":"https:\/\/www.europesays.com\/se\/wp-json\/wp\/v2\/users\/2"}],"replies":[{"embeddable":true,"href":"https:\/\/www.europesays.com\/se\/wp-json\/wp\/v2\/comments?post=11321"}],"version-history":[{"count":0,"href":"https:\/\/www.europesays.com\/se\/wp-json\/wp\/v2\/posts\/11321\/revisions"}],"wp:featuredmedia":[{"embeddable":true,"href":"https:\/\/www.europesays.com\/se\/wp-json\/wp\/v2\/media\/11322"}],"wp:attachment":[{"href":"https:\/\/www.europesays.com\/se\/wp-json\/wp\/v2\/media?parent=11321"}],"wp:term":[{"taxonomy":"category","embeddable":true,"href":"https:\/\/www.europesays.com\/se\/wp-json\/wp\/v2\/categories?post=11321"},{"taxonomy":"post_tag","embeddable":true,"href":"https:\/\/www.europesays.com\/se\/wp-json\/wp\/v2\/tags?post=11321"}],"curies":[{"name":"wp","href":"https:\/\/api.w.org\/{rel}","templated":true}]}}