{"id":113210,"date":"2025-12-21T20:58:14","date_gmt":"2025-12-21T20:58:14","guid":{"rendered":"https:\/\/www.europesays.com\/se\/113210\/"},"modified":"2025-12-21T20:58:14","modified_gmt":"2025-12-21T20:58:14","slug":"valter-lindberg-far-lamna-jvm-truppen","status":"publish","type":"post","link":"https:\/\/www.europesays.com\/se\/113210\/","title":{"rendered":"Valter Lindberg f\u00e5r l\u00e4mna JVM-truppen"},"content":{"rendered":"<p><a data-test-tag=\"internal-link\" href=\"https:\/\/www.aftonbladet.se\/av\/anton-johansson\" class=\"hyperion-css-13ns1rr\" rel=\"nofollow noopener\" target=\"\" aria-label=\"Se alla artiklar av Anton Johansson\"><img decoding=\"async\" class=\"image-asset hyperion-css-n6kkq1\" data-test-tag=\"image-asset\" src=\"https:\/\/www.europesays.com\/se\/wp-content\/uploads\/2025\/12\/1766350693_973_ee21040d-9e79-4667-a3ee-2f9842b2fc2d\"  alt=\"\"  loading=\"lazy\" fetchpriority=\"auto\" style=\"aspect-ratio:1900 \/ 1900\"\/><\/a><\/p>\n<p class=\"boxtextgrotesk-root_baa6 hyperion-css-1w346fg\">Uppdaterad 21.18 | Publicerad 20.14<\/p>\n<p>share-arrowDela<\/p>\n<p>unsaveSpara<\/p>\n<p>Lyssna p\u00e5 artikelnLyssna p\u00e5&#8230;<\/p>\n<p>expand-left<\/p>\n<p>helsk\u00e4rm<img decoding=\"async\" class=\"image-asset hyperion-css-u06ts1\" data-test-tag=\"image-asset\" src=\"https:\/\/www.europesays.com\/se\/wp-content\/uploads\/2025\/12\/0a27b659-fc74-40dd-8b9f-0553813f779a\"  alt=\"Valter Lindberg.\"  loading=\"eager\" fetchpriority=\"high\" style=\"aspect-ratio:1900 \/ 1267\"\/>Valter Lindberg. Foto: Johan L\u00f6f \/ Bildbyr\u00e5n<\/p>\n<p class=\"hyperion-css-1shl3oz\" data-test-tag=\"lead-text\">JVM-truppen \u00e4r spikad.<\/p>\n<p class=\"hyperion-css-1shl3oz\" data-test-tag=\"lead-text\">Skellefte\u00e5-spelaren Valter Lindberg, 19, petas och f\u00e5r \u00e5ka hem till Sverige.<\/p>\n<p class=\"hyperion-css-1v9qo5x\"><a data-test-tag=\"internal-link\" href=\"https:\/\/www.aftonbladet.se\/tagg\/juniorkronorna\" class=\"hyperion-css-15jkft9\" rel=\"nofollow noopener\" target=\"\" aria-label=\"Juniorkronorna\" theme=\"sportbladet\">Juniorkronorna<\/a> \u00e5kte till Nordamerika med en spelare f\u00f6r mycket i truppen. I London, Kanada, har man spelat tv\u00e5 matcher mot stj\u00e4rnfylla Kanada och f\u00f6rlorat en match och vunnit den andra.<\/p>\n<p class=\"hyperion-css-1v9qo5x\">F\u00f6rbundskapten Magnus H\u00e4velid och tr\u00e4narkonstellationen har nu valt att Valter Lindberg blir den som m\u00e5ste l\u00e4mna.<\/p>\n<p>Spelade i natt <\/p>\n<p class=\"hyperion-css-1v9qo5x\">Centern spelade i<a data-test-tag=\"internal-link\" href=\"https:\/\/www.aftonbladet.se\/sportbladet\/a\/gk76b5\/juniorkronorna-slog-kanada-efter-gavin-mckennas-sjalvmal\" class=\"hyperion-css-15jkft9\" rel=\"nofollow noopener\" target=\"\" aria-label=\" 4\u20132-segern mot Kanada i natt.\" theme=\"sportbladet\"> 4\u20132-segern mot Kanada i natt.<\/a><\/p>\n<p class=\"hyperion-css-1v9qo5x\">I SHL har Lindberg gjort sju po\u00e4ng, tv\u00e5 m\u00e5l och fem assist, p\u00e5 26 matcher den h\u00e4r s\u00e4songen.<\/p>\n<p class=\"hyperion-css-1v9qo5x\">Laget s\u00e4tter sig p\u00e5 planet till USA och ska tr\u00e4ningsspela mot Schweiz i Rochester, Minnesota, natten till julafton. Juniorkronorna inleder JVM, som spelas i St Paul, Minnesota, mot Slovakien 19.00 p\u00e5 annandag jul.<\/p>\n<p class=\"hyperion-css-1v9qo5x\">arrow <strong><a aria-label=\"TIPPA SHL-PROFETEN: \" class=\"sportbladet hyperion-css-15jkft9\" href=\"https:\/\/malservice.aftonbladet.se\/profeten\/season\/69\/matcher\" rel=\"noopener noreferrer nofollow\" data-test-tag=\"external-link\" target=\"_blank\">TIPPA SHL-PROFETEN: <\/a><\/strong><strong><a aria-label=\"Hur g\u00e5r det i SHL-matcherna? Tippa och utmana v\u00e4nner \" class=\"sportbladet hyperion-css-15jkft9\" href=\"https:\/\/malservice.aftonbladet.se\/profeten\/season\/69\/matcher\" rel=\"noopener noreferrer nofollow\" data-test-tag=\"external-link\" target=\"_blank\">Hur g\u00e5r det i SHL-matcherna? Tippa och utmana v\u00e4nner <\/a><\/strong>check<strong><a aria-label=\" December-t\u00e4vlingen p\u00e5g\u00e5r f\u00f6r fullt!\" class=\"sportbladet hyperion-css-15jkft9\" href=\"https:\/\/malservice.aftonbladet.se\/profeten\/season\/69\/matcher\" rel=\"noopener noreferrer nofollow\" data-test-tag=\"external-link\" target=\"_blank\"> December-t\u00e4vlingen p\u00e5g\u00e5r f\u00f6r fullt!<\/a><\/strong><\/p>\n<p class=\"hyperion-css-1v9qo5x\">Annons<br \/><strong><a aria-label=\"Streama hela SHL-s\u00e4songen p\u00e5 TV4 Play\" class=\"sportbladet hyperion-css-15jkft9\" href=\"https:\/\/www.tv4play.se\/kampanj\/sportbladet?utm_source=salj&amp;utm_medium=paid&amp;utm_campaign=artikel_2025\" rel=\"noopener nofollow noreferrer\" data-test-tag=\"external-link\" target=\"_blank\">Streama hela SHL-s\u00e4songen p\u00e5 TV4 Play<\/a><\/strong><\/p>\n","protected":false},"excerpt":{"rendered":"Uppdaterad 21.18 | Publicerad 20.14 share-arrowDela unsaveSpara Lyssna p\u00e5 artikelnLyssna p\u00e5&#8230; expand-left helsk\u00e4rmValter Lindberg. Foto: Johan L\u00f6f \/&hellip;\n","protected":false},"author":2,"featured_media":113211,"comment_status":"","ping_status":"","sticky":false,"template":"","format":"standard","meta":{"footnotes":""},"categories":[5],"tags":[22,23,26,27,17,21,24,25,28,29,15,16,18,34,31,33,32,30,19,20],"class_list":{"0":"post-113210","1":"post","2":"type-post","3":"status-publish","4":"format-standard","5":"has-post-thumbnail","7":"category-rubriker","8":"tag-breaking-news","9":"tag-breakingnews","10":"tag-featured-news","11":"tag-featurednews","12":"tag-headlines","13":"tag-huvudnyheter","14":"tag-latest-news","15":"tag-latestnews","16":"tag-main-news","17":"tag-mainnews","18":"tag-news","19":"tag-nyheter","20":"tag-rubriker","21":"tag-se","22":"tag-svenska","23":"tag-sverige","24":"tag-sweden","25":"tag-swedish","26":"tag-top-stories","27":"tag-topstories"},"share_on_mastodon":{"url":"https:\/\/pubeurope.com\/@se\/115759566387052886","error":""},"_links":{"self":[{"href":"https:\/\/www.europesays.com\/se\/wp-json\/wp\/v2\/posts\/113210","targetHints":{"allow":["GET"]}}],"collection":[{"href":"https:\/\/www.europesays.com\/se\/wp-json\/wp\/v2\/posts"}],"about":[{"href":"https:\/\/www.europesays.com\/se\/wp-json\/wp\/v2\/types\/post"}],"author":[{"embeddable":true,"href":"https:\/\/www.europesays.com\/se\/wp-json\/wp\/v2\/users\/2"}],"replies":[{"embeddable":true,"href":"https:\/\/www.europesays.com\/se\/wp-json\/wp\/v2\/comments?post=113210"}],"version-history":[{"count":0,"href":"https:\/\/www.europesays.com\/se\/wp-json\/wp\/v2\/posts\/113210\/revisions"}],"wp:featuredmedia":[{"embeddable":true,"href":"https:\/\/www.europesays.com\/se\/wp-json\/wp\/v2\/media\/113211"}],"wp:attachment":[{"href":"https:\/\/www.europesays.com\/se\/wp-json\/wp\/v2\/media?parent=113210"}],"wp:term":[{"taxonomy":"category","embeddable":true,"href":"https:\/\/www.europesays.com\/se\/wp-json\/wp\/v2\/categories?post=113210"},{"taxonomy":"post_tag","embeddable":true,"href":"https:\/\/www.europesays.com\/se\/wp-json\/wp\/v2\/tags?post=113210"}],"curies":[{"name":"wp","href":"https:\/\/api.w.org\/{rel}","templated":true}]}}