{"id":113216,"date":"2025-12-21T21:06:09","date_gmt":"2025-12-21T21:06:09","guid":{"rendered":"https:\/\/www.europesays.com\/se\/113216\/"},"modified":"2025-12-21T21:06:09","modified_gmt":"2025-12-21T21:06:09","slug":"ingen-radder-for-vargen-har-eller-svd","status":"publish","type":"post","link":"https:\/\/www.europesays.com\/se\/113216\/","title":{"rendered":"Ingen r\u00e4dder f\u00f6r vargen h\u00e4r \u2013 eller? &#8211; SvD"},"content":{"rendered":"<ol>\n<li><a href=\"https:\/\/news.google.com\/rss\/articles\/CBMifkFVX3lxTE8ySm1RdVc1NTBkSFN2a3l4T1pBOV9PSmM3MkpzWWFlZXNNcVItcUVacjBDZDdhX3ZmbUUwVHZIU3EwSnQ0cTluM1ZZRXV5U1JoclJLNUtXMFJjZWJkQ2JlVVNaY0lZNmNMdHZoTlFOZTlRWW0xY0RzTmtDd3MtQQ?oc=5\" target=\"_blank\" rel=\"nofollow noopener\">Ingen r\u00e4dder f\u00f6r vargen h\u00e4r \u2013 eller?<\/a>&nbsp;&nbsp;SvD<\/li>\n<li><a href=\"https:\/\/news.google.com\/rss\/articles\/CBMiigFBVV95cUxONTh5SE5uc2dnTldkbVJJeFhmdll0M0k3cEhDQXMwbDBnTHdyc0t5WTQ0RW5Oc0dmcTBCLTg0TEktQTNjam81aVdfczlqai1HR1ZlbUx4RWoyN2Z3NHN3OE9fWFhTam9lMWl3dU5pVkdETkRuYUVLQU5PbWxmRkw2T3FldVVFeUhvcHc?oc=5\" target=\"_blank\" rel=\"nofollow noopener\">\u201dDemokratin s\u00e4tts ur spel med en havererad vargfr\u00e5ga\u201d<\/a>&nbsp;&nbsp;Svensk Jakt<\/li>\n<li><a href=\"https:\/\/news.google.com\/rss\/articles\/CBMimwFBVV95cUxQSHJlRURZWGVHS3oyQjZ0NjR5Nnp5NV9Vb2duQ05faXZXY2VZZ1QzdUdzQjZJRFpBUzc2aURHRkUwYWk5TmxOeHBKMEZEb09GQnVmSGFhT2RnNV9OTkZmbkYzWkVjWHYwbWhjQUI2WVZPcjNyYXo5MGtSNWhyUFRUajU5T1c1Slo2dXpBWVYtcFYwVG1DT0ZUZUttMA?oc=5\" target=\"_blank\" rel=\"nofollow noopener\">Trots tredubblad vargstam \u2013 angrepp p\u00e5 tamdjur har inte \u00f6kat<\/a>&nbsp;&nbsp;Sveriges Radio<\/li>\n<li><a href=\"https:\/\/news.google.com\/rss\/articles\/CBMisgFBVV95cUxOOWhfV2lZUlhVeG9Rb21RQ1NtUnFEcG1PNDhtQ0dUSVltWXZha1BuS3l6Z3hKZHRNSE1LTER0ZDNuaUcxZjRqcXJseTB1X1ZYUllqR2s0OTBkVUJycFRaUk1UUjFyUF9HQmpKZXd1ZmhQVWowUFpueUFhbnpBY0lZVU1DYllyOW1mSGtQRjZBenZhZzN6UXJsa2R5bWtrMXZLelNBUG1PWFJLVTJuWGFYdUlB?oc=5\" target=\"_blank\" rel=\"nofollow noopener\">Hedin rasar efter stoppad vargjakt: \u201dL\u00e5t landet sv\u00e4mma \u00f6ver av varg\u201d<\/a>&nbsp;&nbsp;Jakt &amp; J\u00e4gare<\/li>\n<li><a href=\"https:\/\/news.google.com\/rss\/articles\/CBMirgFBVV95cUxQS0RCWW5fWC0wOEpVbHllUVZyb0J5dHBoM0o4bzRnMkF4UUFVcThrM0ZlRy13Z2tBQWs2bFZWQjBESmxQVW5KMXJLS2gxcndqSGpSR054LWxab0RncVJramd5dUd0el9MYTR1UVZPVkp0V2NaTVdvY0I5ZnVndjVRWjFpYkxXVE92R2V0OE84cGM3c3hrM3FDYkcwdmx3RkMtNHo4N1JTMHgwcUdWd0E?oc=5\" target=\"_blank\" rel=\"nofollow noopener\">Ledare: Gr\u00e5ben kan (tyv\u00e4rr) ta det lugnt i vinter<\/a>&nbsp;&nbsp;Hallands Nyheter<\/li>\n<\/ol>\n","protected":false},"excerpt":{"rendered":"Ingen r\u00e4dder f\u00f6r vargen h\u00e4r \u2013 eller?&nbsp;&nbsp;SvD \u201dDemokratin s\u00e4tts ur spel med en havererad vargfr\u00e5ga\u201d&nbsp;&nbsp;Svensk Jakt Trots tredubblad&hellip;\n","protected":false},"author":2,"featured_media":113217,"comment_status":"","ping_status":"","sticky":false,"template":"","format":"standard","meta":{"footnotes":""},"categories":[5],"tags":[22,23,26,27,17,21,24,25,28,29,15,16,18,34,31,33,32,30,19,20],"class_list":{"0":"post-113216","1":"post","2":"type-post","3":"status-publish","4":"format-standard","5":"has-post-thumbnail","7":"category-rubriker","8":"tag-breaking-news","9":"tag-breakingnews","10":"tag-featured-news","11":"tag-featurednews","12":"tag-headlines","13":"tag-huvudnyheter","14":"tag-latest-news","15":"tag-latestnews","16":"tag-main-news","17":"tag-mainnews","18":"tag-news","19":"tag-nyheter","20":"tag-rubriker","21":"tag-se","22":"tag-svenska","23":"tag-sverige","24":"tag-sweden","25":"tag-swedish","26":"tag-top-stories","27":"tag-topstories"},"share_on_mastodon":{"url":"https:\/\/pubeurope.com\/@se\/115759597695158436","error":""},"_links":{"self":[{"href":"https:\/\/www.europesays.com\/se\/wp-json\/wp\/v2\/posts\/113216","targetHints":{"allow":["GET"]}}],"collection":[{"href":"https:\/\/www.europesays.com\/se\/wp-json\/wp\/v2\/posts"}],"about":[{"href":"https:\/\/www.europesays.com\/se\/wp-json\/wp\/v2\/types\/post"}],"author":[{"embeddable":true,"href":"https:\/\/www.europesays.com\/se\/wp-json\/wp\/v2\/users\/2"}],"replies":[{"embeddable":true,"href":"https:\/\/www.europesays.com\/se\/wp-json\/wp\/v2\/comments?post=113216"}],"version-history":[{"count":0,"href":"https:\/\/www.europesays.com\/se\/wp-json\/wp\/v2\/posts\/113216\/revisions"}],"wp:featuredmedia":[{"embeddable":true,"href":"https:\/\/www.europesays.com\/se\/wp-json\/wp\/v2\/media\/113217"}],"wp:attachment":[{"href":"https:\/\/www.europesays.com\/se\/wp-json\/wp\/v2\/media?parent=113216"}],"wp:term":[{"taxonomy":"category","embeddable":true,"href":"https:\/\/www.europesays.com\/se\/wp-json\/wp\/v2\/categories?post=113216"},{"taxonomy":"post_tag","embeddable":true,"href":"https:\/\/www.europesays.com\/se\/wp-json\/wp\/v2\/tags?post=113216"}],"curies":[{"name":"wp","href":"https:\/\/api.w.org\/{rel}","templated":true}]}}