{"id":113218,"date":"2025-12-21T21:12:14","date_gmt":"2025-12-21T21:12:14","guid":{"rendered":"https:\/\/www.europesays.com\/se\/113218\/"},"modified":"2025-12-21T21:12:14","modified_gmt":"2025-12-21T21:12:14","slug":"ga-inte-pa-myten-omeuropas-undergang-ylva-nilsson","status":"publish","type":"post","link":"https:\/\/www.europesays.com\/se\/113218\/","title":{"rendered":"G\u00e5 inte p\u00e5 myten om\nEuropas underg\u00e5ng | Ylva Nilsson"},"content":{"rendered":"<p>Ylva Nilsson<\/p>\n<p>Publicerad 21 dec 2025 kl 18.00<\/p>\n<p>Europa har haft ett \u00e5r nedtyngt av kritik och sj\u00e4lvrannsakan. Men ta ett steg tillbaka och se \u2013 vi \u00e4r v\u00e4rldsb\u00e4st p\u00e5 det som r\u00e4knas.<\/p>\n<p><img   alt=\"\"\/><\/p>\n<p>Putin och Trump h\u00e5nar Europas \u201dsvaghet\u201d och \u201ddekadens\u201d \u2013 \u00e4r deras l\u00e4nder b\u00e4ttre?<\/p>\n<p>Foto: JULIA DEMAREE NIKHINSON \/ AP TT NYHETSBYR\u00c5N<\/p>\n<p>\u00d6ppna bild i helsk\u00e4rm<\/p>\n<p>Detta \u00e4r en text av en frist\u00e5ende ledarkolumnist. Expressens politiska h\u00e5llning \u00e4r liberal.<\/p>\n<p><img   alt=\"\"\/>Ylva Nilsson<\/p>\n<p>Detta \u00e5r har Europa attackerats stenh\u00e5rt b\u00e5de fr\u00e5n <a href=\"https:\/\/www.expressen.se\/tagg\/location\/ryssland\/\" class=\"\" rel=\"nofollow noopener\" target=\"_blank\">Ryssland<\/a> och fr\u00e5n USA. B\u00e4gge p\u00e5st\u00e5r att Europa skulle vara en d\u00e5lig plats att leva p\u00e5, att v\u00e5ra samh\u00e4llen skulle vara n\u00e4ra att g\u00e5 under.<\/p>\n<p><strong>Donald Trump avslutade \u00e5ret med att uppr\u00e4tta som USA:s nationella <\/strong><a href=\"https:\/\/www.whitehouse.gov\/wp-content\/uploads\/2025\/12\/2025-National-Security-Strategy.pdf\" rel=\"nofollow noopener\" target=\"_blank\"><strong>s\u00e4kerhetsstrategi<\/strong><\/a><strong> att Europa m\u00e5ste underkastas och v\u00e5ra ledare bytas ut \u2013 och toppade med att yttra sitt f\u00f6rakt f\u00f6r dessa \u201dsvaga europ\u00e9er\u201d.<\/strong><\/p>\n<p>Ryssland \u00e4gnar sedan l\u00e4nge stora resurser till att m\u00e5lmedvetet angripa och p\u00e5verka det avskydda Europa. President Putin avrundade \u00e5ret med att <a href=\"https:\/\/www.euronews.com\/2025\/12\/17\/european-swine-wanted-to-feast-on-russias-collapse-putin-says-bashing-europe\" rel=\"nofollow noopener\" target=\"_blank\">kalla<\/a> europ\u00e9erna f\u00f6r \u201dsm\u00e5 svin.\u201d<\/p>\n<p>Vi europ\u00e9er har kallat kritiken nyttig, ut\u00f6vat sj\u00e4lvkritik och studerat v\u00e5ra svagheter. Men nu mot \u00e5rets slut \u00e4r det tid att ta ett steg tillbaka f\u00f6r en \u00f6verblick. D\u00e5 ser vi n\u00e5got annat.<\/p>\n<p>Europa har genom EU skapat v\u00e4rldens st\u00f6rsta och rikaste konsumentmarknad. Vi \u00e4r 460 miljoner hyggligt k\u00f6pstarka m\u00e4nniskor p\u00e5 en samlad marknad \u2013 fler \u00e4n amerikanerna (320 miljoner), mycket f\u00e4rre \u00e4n kineserna men de har magrare pl\u00e5nb\u00f6cker.<\/p>\n<p><strong>Detta g\u00f6r EU extremt attraktivt f\u00f6r hela v\u00e4rldens n\u00e4ringsliv vilket ger oss en otrolig stark grund att st\u00e5 p\u00e5.<\/strong><\/p>\n<p>Vi har utvecklat v\u00e4rldens b\u00e4sta demokrati. 27 l\u00e4nders regeringar har tillsammans med ett parlament best\u00e5ende av \u00f6ver 100 politiska partier de senaste \u00e5ren kunnat fatta i snitt 3 beslut om dagen.<\/p>\n<p>Vi \u00e4r helt enkelt v\u00e4rldsm\u00e4stare i att hitta kompromisser (vilket gett oss v\u00e4rldens mest attraktiva marknad) fast vi talar olika spr\u00e5k och hyllar egna kulturdrag.<\/p>\n<blockquote><p>Men varken den ryska eller den amerikanska modellen kan erbjuda sina medborgare ens h\u00e4lften av vad vi har<\/p><\/blockquote>\n<p>Vi har 27 arm\u00e9er och en befolkning p\u00e5 460 miljoner redo att f\u00f6rsvara oss.<\/p>\n<p>S\u00e5 Ryssland verkar farligt? De \u00e4r 100 miljoner och o\u00e4ndligt mycket fattigare \u00e4n oss. Ett ryskt angrepp mot det rika Europa som samlat sl\u00e5r tillbaka skulle inte bli l\u00e5nglivat.<\/p>\n<p>S\u00e5 USA har h\u00f6gre produktivitet \u00e4n oss? De kan vifta med h\u00f6ga <a href=\"https:\/\/www.bruegel.org\/analysis\/european-unions-remarkable-growth-performance-relative-united-states\" rel=\"nofollow noopener\" target=\"_blank\">siffror<\/a> eftersom amerikanerna arbetar s\u00e5 m\u00e5nga fler timmar, m\u00e5nga av dem p\u00e5 tv\u00e5 eller tre jobb.<\/p>\n<p>I Europa har vi minst fyra veckors betald semester (USA har<a href=\"https:\/\/www.npr.org\/2023\/08\/17\/1194467863\/europe-vacation-holiday-paid-time-off\" rel=\"nofollow noopener\" target=\"_blank\"> 0 dagar<\/a>), betald f\u00f6r\u00e4ldraledighet (i USA bara om <a href=\"https:\/\/www.investopedia.com\/financial-edge\/0512\/maternity-leave-basics-canada-vs.-the-u.s..aspx\" rel=\"nofollow noopener\" target=\"_blank\">arbetsgivaren<\/a> vill), 40 timmars arbetsvecka och tidig hemg\u00e5ng f\u00f6r att h\u00e4mta p\u00e5 dagis.<\/p>\n<p><strong>L\u00e5t amerikanerna ha sin statistik-seger. I Europa v\u00e4ljer vi att anv\u00e4nda v\u00e5rt stora v\u00e4lst\u00e5nd p\u00e5 att leva v\u00e4l.<\/strong><\/p>\n<p>F\u00f6r hur man \u00e4n m\u00e4ter s\u00e5 \u00e4r Europa <a href=\"https:\/\/en.wikipedia.org\/wiki\/Economy_of_Europe\" rel=\"nofollow noopener\" target=\"_blank\">n\u00e4st rikast<\/a> i hela v\u00e4rlden.<\/p>\n<p>I Europa kan vi bada i rena hav, g\u00e5 till fots genom bilfria stadsk\u00e4rnor, tryggt handla vad som s\u00e4ljs i matbutikerna, vi har i stort sett fri sjukv\u00e5rd liksom gratis utbildning, vi kan snabbt och billigt ta oss till n\u00e5gon av en hel uppsj\u00f6 annorlunda, sp\u00e4nnande europeiska st\u00e4der \u00f6ver en helg, f\u00f6r ett jobb eller f\u00f6r att studera\u2026 Vad har USA och Ryssland?<\/p>\n<p>Deras andra stora attack riktar sig mot v\u00e5ra regler och demokrati. De f\u00f6rs\u00f6ker f\u00e5 oss att v\u00e4lja nationalistiska politiker som \u00f6ppet f\u00f6redrar Ryssland eller USA framf\u00f6r samarbete i Europa.<\/p>\n<p>Annons<\/p>\n<p>Men d\u00e4r avsl\u00f6jar sig v\u00e5ra angripare. Vad de helst vill, \u00e4r att bryta s\u00f6nder v\u00e5r superkraft, v\u00e5r v\u00e4rldsunika f\u00f6rm\u00e5ga till gemensamma beslut, s\u00e5 att de kan kontrollera oss.<\/p>\n<p><strong>Har vi miljoner problem i Europa? Jajamen. Men varken den ryska eller den amerikanska modellen kan erbjuda sina medborgare ens h\u00e4lften av vad vi har.<\/strong><\/p>\n<p>S\u00e5 nu i juletider pausar vi sj\u00e4lvpl\u00e5geriet. Hurra f\u00f6r oss och f\u00f6r den europeiska modellen!<\/p>\n<p>Ylva Nilsson \u00e4r frist\u00e5ende kolumnist p\u00e5 Expressens ledarsida. L\u00e4s fler av hennes texter <a href=\"https:\/\/www.expressen.se\/av\/ylva-nilsson\/\" rel=\"nofollow noopener\" target=\"_blank\">h\u00e4r<\/a>.<\/p>\n<p><strong>L\u00c4S MER: <\/strong><a href=\"https:\/\/www.expressen.se\/ledare\/ylva-nilsson\/europa-viker-sig-for-trump-igen\/\" class=\"\" rel=\"nofollow noopener\" target=\"_blank\">Europa viker sig f\u00f6r Trump \u2013 igen<\/a><strong>L\u00c4S MER: <\/strong><a href=\"https:\/\/www.expressen.se\/ledare\/ylva-nilsson\/dagen-da-europa-krossade-amazon\/\" class=\"\" rel=\"nofollow noopener\" target=\"_blank\">Dagen d\u00e5 Europa krossade Amazon<\/a><\/p>\n","protected":false},"excerpt":{"rendered":"Ylva Nilsson Publicerad 21 dec 2025 kl 18.00 Europa har haft ett \u00e5r nedtyngt av kritik och sj\u00e4lvrannsakan.&hellip;\n","protected":false},"author":2,"featured_media":113219,"comment_status":"","ping_status":"","sticky":false,"template":"","format":"standard","meta":{"footnotes":""},"categories":[14],"tags":[22,23,26,27,17,21,24,25,286,274,45,28,29,15,16,746,198,203,18,34,970,31,33,32,30,19,973,20,51,52,53,54],"class_list":{"0":"post-113218","1":"post","2":"type-post","3":"status-publish","4":"format-standard","5":"has-post-thumbnail","7":"category-varlden","8":"tag-breaking-news","9":"tag-breakingnews","10":"tag-featured-news","11":"tag-featurednews","12":"tag-headlines","13":"tag-huvudnyheter","14":"tag-latest-news","15":"tag-latestnews","16":"tag-location-europa","17":"tag-location-ryssland","18":"tag-location-usa","19":"tag-main-news","20":"tag-mainnews","21":"tag-news","22":"tag-nyheter","23":"tag-organization-eu","24":"tag-person-donald-trump","25":"tag-person-vladimir-putin","26":"tag-rubriker","27":"tag-se","28":"tag-sections-ylvanilsson","29":"tag-svenska","30":"tag-sverige","31":"tag-sweden","32":"tag-swedish","33":"tag-top-stories","34":"tag-topic-eu-fragor","35":"tag-topstories","36":"tag-varlden","37":"tag-world","38":"tag-world-news","39":"tag-worldnews"},"share_on_mastodon":{"url":"https:\/\/pubeurope.com\/@se\/115759621397804974","error":""},"_links":{"self":[{"href":"https:\/\/www.europesays.com\/se\/wp-json\/wp\/v2\/posts\/113218","targetHints":{"allow":["GET"]}}],"collection":[{"href":"https:\/\/www.europesays.com\/se\/wp-json\/wp\/v2\/posts"}],"about":[{"href":"https:\/\/www.europesays.com\/se\/wp-json\/wp\/v2\/types\/post"}],"author":[{"embeddable":true,"href":"https:\/\/www.europesays.com\/se\/wp-json\/wp\/v2\/users\/2"}],"replies":[{"embeddable":true,"href":"https:\/\/www.europesays.com\/se\/wp-json\/wp\/v2\/comments?post=113218"}],"version-history":[{"count":0,"href":"https:\/\/www.europesays.com\/se\/wp-json\/wp\/v2\/posts\/113218\/revisions"}],"wp:featuredmedia":[{"embeddable":true,"href":"https:\/\/www.europesays.com\/se\/wp-json\/wp\/v2\/media\/113219"}],"wp:attachment":[{"href":"https:\/\/www.europesays.com\/se\/wp-json\/wp\/v2\/media?parent=113218"}],"wp:term":[{"taxonomy":"category","embeddable":true,"href":"https:\/\/www.europesays.com\/se\/wp-json\/wp\/v2\/categories?post=113218"},{"taxonomy":"post_tag","embeddable":true,"href":"https:\/\/www.europesays.com\/se\/wp-json\/wp\/v2\/tags?post=113218"}],"curies":[{"name":"wp","href":"https:\/\/api.w.org\/{rel}","templated":true}]}}