{"id":113220,"date":"2025-12-21T21:14:18","date_gmt":"2025-12-21T21:14:18","guid":{"rendered":"https:\/\/www.europesays.com\/se\/113220\/"},"modified":"2025-12-21T21:14:18","modified_gmt":"2025-12-21T21:14:18","slug":"brodin-glanste-i-comebacken-for-wild","status":"publish","type":"post","link":"https:\/\/www.europesays.com\/se\/113220\/","title":{"rendered":"Brodin gl\u00e4nste i comebacken f\u00f6r Wild"},"content":{"rendered":"<p>Efter fyra matcher med en skada p\u00e5 underkroppen \u00e5terv\u00e4nde Jonas Brodin till laguppst\u00e4llningen i Minnesota Wild &#8211; och segrade direkt. Det blev 5-2 mot Edmonton Oilers inf\u00f6r hemmapubliken i Grand Casino Arena i St. Paul under natten mot s\u00f6ndagen, svensk tid.<\/p>\n<p>\u2013 Jag var lite rostig i b\u00f6rjan\u2026 men efter f\u00f6rsta perioden s\u00e5 pratade vi och kom fram till att g\u00f6ra det enklare. Vi spelade tajtare; de hade bra perioder, och vi hade bra perioder i matchen, sade Brodin.<\/p>\n<p>Wild (22-9-5), trea i Central Division och nu med sju (!) raka segrar, fick tillbaka en halv arm\u00e9 av spelare till matchen mot Oilers: Mats Zuccarello som missat fem matcher med en \u00f6verkroppsskada, Marcus Johansson (tv\u00e5 matcher, underkroppsskada), Vinnie Hinostroza (13 matcher, underkropp) samt backarna Jake Middleton (fem matcher, \u00f6verkropp) och Jonas Brodin.<\/p>\n<p>\u2013 V\u00e5ra fyscoacher g\u00f6r ett bra jobb. Vi fick k\u00f6ra 45 minuter i g\u00e5r (l\u00e4s: p\u00e5 l\u00f6rdagen) och det var en bra genomk\u00f6rare. Vi k\u00e4nde oss redo att spela, sade Brodin.<\/p>\n<p>32-\u00e5ringen fr\u00e5n Karlstad har gjort nio po\u00e4ng (3+6) p\u00e5 31 matcher och har +13 i den statistiken, n\u00e4st b\u00e4st i laget efter Marcus Johansson (+17). Brodin \u00e4r en av lagets b\u00e4sta backar: i slutet av matchen var Brodin p\u00e5 isen med Brock Faber i n\u00e4stan tv\u00e5 minuter tills Nico Sturm gjorde 5-2-m\u00e5let i tom kasse. Att Wilds tr\u00e4nare John Hynes valde att ist\u00e4llet f\u00f6r Quinn Hughes s\u00e4tta in Brodin i det l\u00e4get, trots att det var hans f\u00f6rsta match p\u00e5 l\u00e4nge, s\u00e4ger det mesta om Brodins f\u00f6rm\u00e5ga att st\u00e4nga ner motst\u00e5ndarnas anfall.<\/p>\n<p>Jonas Brodin spelade 19.47 och registrerades f\u00f6r ett skott, tv\u00e5 t\u00e4ckta skott och plus-2 i plus-minusstatsen. En v\u00e4lkommen \u00e5terkomst f\u00f6r Wild inf\u00f6r hemmamatchen mot Colorado under s\u00f6ndagskv\u00e4llen. Nedsl\u00e4pp vid midnatt, svensk tid (Viaplay).<\/p>\n","protected":false},"excerpt":{"rendered":"Efter fyra matcher med en skada p\u00e5 underkroppen \u00e5terv\u00e4nde Jonas Brodin till laguppst\u00e4llningen i Minnesota Wild &#8211; och&hellip;\n","protected":false},"author":2,"featured_media":113221,"comment_status":"","ping_status":"","sticky":false,"template":"","format":"standard","meta":{"footnotes":""},"categories":[5],"tags":[22,23,26,27,17,21,24,25,28,29,15,16,18,34,31,33,32,30,19,20],"class_list":{"0":"post-113220","1":"post","2":"type-post","3":"status-publish","4":"format-standard","5":"has-post-thumbnail","7":"category-rubriker","8":"tag-breaking-news","9":"tag-breakingnews","10":"tag-featured-news","11":"tag-featurednews","12":"tag-headlines","13":"tag-huvudnyheter","14":"tag-latest-news","15":"tag-latestnews","16":"tag-main-news","17":"tag-mainnews","18":"tag-news","19":"tag-nyheter","20":"tag-rubriker","21":"tag-se","22":"tag-svenska","23":"tag-sverige","24":"tag-sweden","25":"tag-swedish","26":"tag-top-stories","27":"tag-topstories"},"share_on_mastodon":{"url":"https:\/\/pubeurope.com\/@se\/115759629138371107","error":""},"_links":{"self":[{"href":"https:\/\/www.europesays.com\/se\/wp-json\/wp\/v2\/posts\/113220","targetHints":{"allow":["GET"]}}],"collection":[{"href":"https:\/\/www.europesays.com\/se\/wp-json\/wp\/v2\/posts"}],"about":[{"href":"https:\/\/www.europesays.com\/se\/wp-json\/wp\/v2\/types\/post"}],"author":[{"embeddable":true,"href":"https:\/\/www.europesays.com\/se\/wp-json\/wp\/v2\/users\/2"}],"replies":[{"embeddable":true,"href":"https:\/\/www.europesays.com\/se\/wp-json\/wp\/v2\/comments?post=113220"}],"version-history":[{"count":0,"href":"https:\/\/www.europesays.com\/se\/wp-json\/wp\/v2\/posts\/113220\/revisions"}],"wp:featuredmedia":[{"embeddable":true,"href":"https:\/\/www.europesays.com\/se\/wp-json\/wp\/v2\/media\/113221"}],"wp:attachment":[{"href":"https:\/\/www.europesays.com\/se\/wp-json\/wp\/v2\/media?parent=113220"}],"wp:term":[{"taxonomy":"category","embeddable":true,"href":"https:\/\/www.europesays.com\/se\/wp-json\/wp\/v2\/categories?post=113220"},{"taxonomy":"post_tag","embeddable":true,"href":"https:\/\/www.europesays.com\/se\/wp-json\/wp\/v2\/tags?post=113220"}],"curies":[{"name":"wp","href":"https:\/\/api.w.org\/{rel}","templated":true}]}}