{"id":113260,"date":"2025-12-21T22:21:08","date_gmt":"2025-12-21T22:21:08","guid":{"rendered":"https:\/\/www.europesays.com\/se\/113260\/"},"modified":"2025-12-21T22:21:08","modified_gmt":"2025-12-21T22:21:08","slug":"usa-minister-forsvarar-borttagna-epsteinfilmer-svt-nyheter","status":"publish","type":"post","link":"https:\/\/www.europesays.com\/se\/113260\/","title":{"rendered":"USA-minister f\u00f6rsvarar borttagna Epsteinfilmer | SVT Nyheter"},"content":{"rendered":"<p>USA:s bitr\u00e4dande justitieminister Todd Blanche f\u00f6rsvarar att minst 16 av de Epsteinfiler som sl\u00e4pptes av det amerikanska justitiedepartementet p\u00e5 fredagen har plockats bort. <\/p>\n<p>Ett foto p\u00e5 Donald Trump syns p\u00e5 en av de filer som plockats bort. Att denna fil har tagits bort har f\u00e5tt kritik. <\/p>\n<p>-N\u00e4r vi h\u00f6r fr\u00e5n grupper som f\u00f6retr\u00e4der brottsoffer om den h\u00e4r sortens foton tar vi ned det och utreder. Vi utreder fortfarande fotot. Det kommer att l\u00e4ggas upp igen, den enda fr\u00e5gan \u00e4r huruvida fotografiet ska tillfogas maskningar, s\u00e4ger han. <\/p>\n","protected":false},"excerpt":{"rendered":"USA:s bitr\u00e4dande justitieminister Todd Blanche f\u00f6rsvarar att minst 16 av de Epsteinfiler som sl\u00e4pptes av det amerikanska justitiedepartementet&hellip;\n","protected":false},"author":2,"featured_media":793,"comment_status":"","ping_status":"","sticky":false,"template":"","format":"standard","meta":{"footnotes":""},"categories":[5],"tags":[22,23,26,27,17,21,24,25,28,29,15,16,18,34,31,33,32,30,19,20],"class_list":{"0":"post-113260","1":"post","2":"type-post","3":"status-publish","4":"format-standard","5":"has-post-thumbnail","7":"category-rubriker","8":"tag-breaking-news","9":"tag-breakingnews","10":"tag-featured-news","11":"tag-featurednews","12":"tag-headlines","13":"tag-huvudnyheter","14":"tag-latest-news","15":"tag-latestnews","16":"tag-main-news","17":"tag-mainnews","18":"tag-news","19":"tag-nyheter","20":"tag-rubriker","21":"tag-se","22":"tag-svenska","23":"tag-sverige","24":"tag-sweden","25":"tag-swedish","26":"tag-top-stories","27":"tag-topstories"},"share_on_mastodon":{"url":"https:\/\/pubeurope.com\/@se\/115759892609572268","error":""},"_links":{"self":[{"href":"https:\/\/www.europesays.com\/se\/wp-json\/wp\/v2\/posts\/113260","targetHints":{"allow":["GET"]}}],"collection":[{"href":"https:\/\/www.europesays.com\/se\/wp-json\/wp\/v2\/posts"}],"about":[{"href":"https:\/\/www.europesays.com\/se\/wp-json\/wp\/v2\/types\/post"}],"author":[{"embeddable":true,"href":"https:\/\/www.europesays.com\/se\/wp-json\/wp\/v2\/users\/2"}],"replies":[{"embeddable":true,"href":"https:\/\/www.europesays.com\/se\/wp-json\/wp\/v2\/comments?post=113260"}],"version-history":[{"count":0,"href":"https:\/\/www.europesays.com\/se\/wp-json\/wp\/v2\/posts\/113260\/revisions"}],"wp:featuredmedia":[{"embeddable":true,"href":"https:\/\/www.europesays.com\/se\/wp-json\/wp\/v2\/media\/793"}],"wp:attachment":[{"href":"https:\/\/www.europesays.com\/se\/wp-json\/wp\/v2\/media?parent=113260"}],"wp:term":[{"taxonomy":"category","embeddable":true,"href":"https:\/\/www.europesays.com\/se\/wp-json\/wp\/v2\/categories?post=113260"},{"taxonomy":"post_tag","embeddable":true,"href":"https:\/\/www.europesays.com\/se\/wp-json\/wp\/v2\/tags?post=113260"}],"curies":[{"name":"wp","href":"https:\/\/api.w.org\/{rel}","templated":true}]}}