{"id":113269,"date":"2025-12-21T22:37:16","date_gmt":"2025-12-21T22:37:16","guid":{"rendered":"https:\/\/www.europesays.com\/se\/113269\/"},"modified":"2025-12-21T22:37:16","modified_gmt":"2025-12-21T22:37:16","slug":"jvm-truppen-spikad-han-petas-i-sista-stund","status":"publish","type":"post","link":"https:\/\/www.europesays.com\/se\/113269\/","title":{"rendered":"JVM-truppen spikad &#8211; han petas i sista stund"},"content":{"rendered":"<p><strong>26 spelare skulle bli 25. Nu har Magnus H\u00e4velid best\u00e4mt sig f\u00f6r vem som blir den siste spelaren att petas fr\u00e5n Juniorkronornas VM-trupp.<\/strong><\/p>\n<p><img loading=\"lazy\" decoding=\"async\" width=\"1024\" height=\"658\" src=\"https:\/\/www.europesays.com\/se\/wp-content\/uploads\/2025\/12\/Valter-Lindberg-1024x658.webp.webp\" alt=\"\" class=\"wp-image-338665\"  \/>Valter Lindberg.<br \/><strong>Foto: <\/strong>Bildbyr\u00e5n.<\/p>\n<p><strong>JVM 2026:<\/strong>\u00a0<a href=\"https:\/\/hockeysverige.se\/junior-vm\/jvm-spelschema\/\" target=\"_blank\" rel=\"noreferrer noopener nofollow\">Spelschema<\/a>\u00a0|\u00a0<a href=\"https:\/\/hockeysverige.se\/junior-vm\/junior-vm-i-ishockey-2026-pa-tv\/\" target=\"_blank\" rel=\"noreferrer noopener nofollow\">TV-tider<\/a>\u00a0|\u00a0<a href=\"https:\/\/hockeysverige.se\/junior-vm\/jvm-tabell\/\" target=\"_blank\" rel=\"noreferrer noopener nofollow\">Grupper &amp; tabell<\/a>\u00a0|\u00a0<a href=\"https:\/\/hockeysverige.se\/junior-vm\/jvm-resultat\/\" target=\"_blank\" rel=\"noreferrer noopener nofollow\">Resultat<\/a>\u00a0|\u00a0<a href=\"https:\/\/hockeysverige.se\/landslag\/juniorkronorna\/\" target=\"_blank\" rel=\"noreferrer noopener nofollow\">Allt om Juniorkronorna<\/a>\u00a0|<\/p>\n<p>N\u00e4r Magnus H\u00e4velid tog ut sin trupp till kommande JVM, p\u00e5 en presskonferens f\u00f6r drygt tv\u00e5 veckor sedan, plockade han ut tre m\u00e5lvakter, \u00e5tta backar och 15 forwards. Redan d\u00e5 stod det klart att truppen skulle bantas med en forward innan premi\u00e4ren p\u00e5 annandagen.<\/p>\n<p>Och nu \u00e4r det klart vem som inte kommer f\u00e5 spela JVM i Minnesota, som startar p\u00e5 fredag. Det blir <a href=\"https:\/\/hockeysverige.se\/spelare\/valter-lindberg\/\" rel=\"nofollow noopener\" target=\"_blank\">Valter Lindberg<\/a> som petas, bekr\u00e4ftar Magnus H\u00e4velid i ett klipp p\u00e5 juniorlandslagets sociala medier.<\/p>\n<p>\u2013 Det \u00e4r ett v\u00e4ldigt tufft besked att ge, s\u00e4ger f\u00f6rbundskaptenen.<\/p>\n<p>Valter Lindberg spelade U18-VM med 06-kullen f\u00f6r tv\u00e5 \u00e5r sedan, och har den h\u00e4r s\u00e4songen gjort \u00e5tta po\u00e4ng p\u00e5 elva landskamper med juniorlandslaget. Han har gjort 2+5 p\u00e5 26 matcher med Skellefte\u00e5 i SHL.<\/p>\n<p>I och med kv\u00e4llens besked \u00e4r Juniorkronornas VM-trupp nu spikad.<\/p>\n<p>I samma veva meddelas det ocks\u00e5 att Jack Berglund \u2013 som v\u00e4ntat \u2013 blir lagkapten.<\/p>\n<p>Sveriges trupp i JVM 2026<\/p>\n<p>M\u00e5lvakter<\/p>\n<p><a href=\"https:\/\/hockeysverige.se\/spelare\/herman-liv\/\" target=\"_blank\" rel=\"noreferrer noopener nofollow\">Herman Liv<\/a><br \/><a href=\"https:\/\/hockeysverige.se\/spelare\/love-harenstam\/\" target=\"_blank\" rel=\"noreferrer noopener nofollow\">Love H\u00e4renstam<\/a><br \/><a href=\"https:\/\/hockeysverige.se\/spelare\/mans-goos\/\" target=\"_blank\" rel=\"noreferrer noopener nofollow\">M\u00e5ns Goos<\/a><\/p>\n<p>Backar<\/p>\n<p><a href=\"https:\/\/hockeysverige.se\/spelare\/alfons-freij\/\" target=\"_blank\" rel=\"noreferrer noopener nofollow\">Alfons Freij<\/a><br \/><a href=\"https:\/\/hockeysverige.se\/spelare\/leo-sahlin-wallenius\/\" target=\"_blank\" rel=\"noreferrer noopener nofollow\">Leo Sahlin Wallenius<\/a><br \/><a href=\"https:\/\/hockeysverige.se\/spelare\/felix-ohrqvist\/\" target=\"_blank\" rel=\"noreferrer noopener nofollow\">Felix \u00d6hrqvist<\/a><br \/><a href=\"https:\/\/hockeysverige.se\/spelare\/felix-carell\/\" target=\"_blank\" rel=\"noreferrer noopener nofollow\">Felix Carell<\/a><br \/><a href=\"https:\/\/hockeysverige.se\/spelare\/william-hakansson\/\" target=\"_blank\" rel=\"noreferrer noopener nofollow\">William H\u00e5kansson<\/a><br \/><a href=\"https:\/\/hockeysverige.se\/spelare\/viggo-gustafsson\/\" target=\"_blank\" rel=\"noreferrer noopener nofollow\">Viggo Gustafsson<\/a><br \/><a href=\"https:\/\/hockeysverige.se\/spelare\/victor-johansson\/\" target=\"_blank\" rel=\"noreferrer noopener nofollow\">Victor Johansson<\/a><br \/><a href=\"https:\/\/hockeysverige.se\/spelare\/sascha-boumedienne\/\" target=\"_blank\" rel=\"noreferrer noopener nofollow\">Sascha Boumedienne<\/a><\/p>\n<p>Forwards<\/p>\n<p><a href=\"https:\/\/hockeysverige.se\/spelare\/anton-frondell\/\" target=\"_blank\" rel=\"noreferrer noopener nofollow\">Anton Frondell<\/a><br \/><a href=\"https:\/\/hockeysverige.se\/spelare\/viggo-bjorck\/\" target=\"_blank\" rel=\"noreferrer noopener nofollow\">Viggo Bj\u00f6rck<\/a><br \/><a href=\"https:\/\/hockeysverige.se\/spelare\/linus-eriksson\/\" target=\"_blank\" rel=\"noreferrer noopener nofollow\">Linus Eriksson<\/a><br \/><a href=\"https:\/\/hockeysverige.se\/spelare\/jack-berglund\/\" target=\"_blank\" rel=\"noreferrer noopener nofollow\">Jack Berglund<\/a> \u201dC\u201d<br \/><a href=\"https:\/\/hockeysverige.se\/spelare\/ivar-stenberg\/\" target=\"_blank\" rel=\"noreferrer noopener nofollow\">Ivar Stenberg<\/a><br \/><a href=\"https:\/\/hockeysverige.se\/spelare\/wilson-bjorck\/\" target=\"_blank\" rel=\"noreferrer noopener nofollow\">Wilson Bj\u00f6rck<\/a><br \/><a href=\"https:\/\/hockeysverige.se\/spelare\/lucas-pettersson\/\" target=\"_blank\" rel=\"noreferrer noopener nofollow\">Lucas Pettersson<\/a><br \/><a href=\"https:\/\/hockeysverige.se\/spelare\/victor-eklund\/\" target=\"_blank\" rel=\"noreferrer noopener nofollow\">Victor Eklund<\/a><br \/><a href=\"https:\/\/hockeysverige.se\/spelare\/eddie-genborg\/\" target=\"_blank\" rel=\"noreferrer noopener nofollow\">Eddie Genborg<\/a><br \/><a href=\"https:\/\/hockeysverige.se\/spelare\/milton-gastrin\/\" target=\"_blank\" rel=\"noreferrer noopener nofollow\">Milton G\u00e4strin<\/a><br \/><a href=\"https:\/\/hockeysverige.se\/spelare\/loke-krantz\/\" target=\"_blank\" rel=\"noreferrer noopener nofollow\">Loke Krantz<\/a><br \/><a href=\"https:\/\/hockeysverige.se\/spelare\/eric-nilson\/\" target=\"_blank\" rel=\"noreferrer noopener nofollow\">Eric Nilson<\/a><br \/><a href=\"https:\/\/hockeysverige.se\/spelare\/casper-juustovaara-karlsson\/\" target=\"_blank\" rel=\"noreferrer noopener nofollow\">Casper Juustovaara Karlsson<\/a><br \/><a href=\"https:\/\/hockeysverige.se\/spelare\/liam-danielsson\/\" target=\"_blank\" rel=\"noreferrer noopener nofollow\">Liam Danielsson<\/a><\/p>\n","protected":false},"excerpt":{"rendered":"26 spelare skulle bli 25. Nu har Magnus H\u00e4velid best\u00e4mt sig f\u00f6r vem som blir den siste spelaren&hellip;\n","protected":false},"author":2,"featured_media":113270,"comment_status":"","ping_status":"","sticky":false,"template":"","format":"standard","meta":{"footnotes":""},"categories":[5],"tags":[22,23,26,27,17,21,24,25,28,29,15,16,18,34,31,33,32,30,19,379,20],"class_list":{"0":"post-113269","1":"post","2":"type-post","3":"status-publish","4":"format-standard","5":"has-post-thumbnail","7":"category-rubriker","8":"tag-breaking-news","9":"tag-breakingnews","10":"tag-featured-news","11":"tag-featurednews","12":"tag-headlines","13":"tag-huvudnyheter","14":"tag-latest-news","15":"tag-latestnews","16":"tag-main-news","17":"tag-mainnews","18":"tag-news","19":"tag-nyheter","20":"tag-rubriker","21":"tag-se","22":"tag-svenska","23":"tag-sverige","24":"tag-sweden","25":"tag-swedish","26":"tag-top-stories","27":"tag-top-article","28":"tag-topstories"},"share_on_mastodon":{"url":"https:\/\/pubeurope.com\/@se\/115759955706659708","error":""},"_links":{"self":[{"href":"https:\/\/www.europesays.com\/se\/wp-json\/wp\/v2\/posts\/113269","targetHints":{"allow":["GET"]}}],"collection":[{"href":"https:\/\/www.europesays.com\/se\/wp-json\/wp\/v2\/posts"}],"about":[{"href":"https:\/\/www.europesays.com\/se\/wp-json\/wp\/v2\/types\/post"}],"author":[{"embeddable":true,"href":"https:\/\/www.europesays.com\/se\/wp-json\/wp\/v2\/users\/2"}],"replies":[{"embeddable":true,"href":"https:\/\/www.europesays.com\/se\/wp-json\/wp\/v2\/comments?post=113269"}],"version-history":[{"count":0,"href":"https:\/\/www.europesays.com\/se\/wp-json\/wp\/v2\/posts\/113269\/revisions"}],"wp:featuredmedia":[{"embeddable":true,"href":"https:\/\/www.europesays.com\/se\/wp-json\/wp\/v2\/media\/113270"}],"wp:attachment":[{"href":"https:\/\/www.europesays.com\/se\/wp-json\/wp\/v2\/media?parent=113269"}],"wp:term":[{"taxonomy":"category","embeddable":true,"href":"https:\/\/www.europesays.com\/se\/wp-json\/wp\/v2\/categories?post=113269"},{"taxonomy":"post_tag","embeddable":true,"href":"https:\/\/www.europesays.com\/se\/wp-json\/wp\/v2\/tags?post=113269"}],"curies":[{"name":"wp","href":"https:\/\/api.w.org\/{rel}","templated":true}]}}