{"id":113287,"date":"2025-12-21T22:59:09","date_gmt":"2025-12-21T22:59:09","guid":{"rendered":"https:\/\/www.europesays.com\/se\/113287\/"},"modified":"2025-12-21T22:59:09","modified_gmt":"2025-12-21T22:59:09","slug":"hot-om-rattsliga-atgarder-mot-usas-justitieminister","status":"publish","type":"post","link":"https:\/\/www.europesays.com\/se\/113287\/","title":{"rendered":"Hot om r\u00e4ttsliga \u00e5tg\u00e4rder mot USA:s justitieminister"},"content":{"rendered":"<p>Tv\u00e5 amerikanska kongressledam\u00f6ter, demokraten Ro Khanna och republikanen Thomas Massie, hotar att f\u00f6rs\u00f6ka f\u00e5 justitieminister Pam Bondi f\u00e4lld f\u00f6r kongresstrots. Det s\u00e4ger de i CBS \u201dFace the nation\u201d.<\/p>\n<p>Khanna och Massie skrev den lag om offentligg\u00f6randet av Epsteinutredningen som Trump skrev under. Lagtexten kr\u00e4vde att hela utredningen skulle sl\u00e4ppas i fredags, vilket inte har skett.<\/p>\n<p>Ledam\u00f6terna s\u00f6ker nu st\u00f6d hos sina respektive partikamrater i representanthuset f\u00f6r att f\u00f6rklara Bondi skyldig till trots, vilket skulle inneb\u00e4ra att hon b\u00f6tf\u00e4lls f\u00f6r varje dag hon inte sl\u00e4pper hela utredningen.<\/p>\n<p>M\u00e5nga rika och m\u00e4ktiga personer var inblandade i \u00f6vergreppen p\u00e5 de 1\u202f200 offer som identifierats i utredningen, s\u00e4ger Khanna.<\/p>\n<p>\u2013 Vad det amerikanska folket vill veta \u00e4r vilka dessa personer \u00e4r, och i\u202fst\u00e4llet f\u00f6r att st\u00e4lla dem till svars bryter Pam Bondi mot lagen.<\/p>\n<p>Omni \u00e4r politiskt obundna och oberoende. Vi str\u00e4var efter att ge fler perspektiv p\u00e5 nyheterna. Har du fr\u00e5gor eller synpunkter kring v\u00e5r rapportering? <a href=\"https:\/\/omni.se\/hot-om-rattsliga-atgarder-mot-usa-s-justitieminister\/a\/mailto:redaktion@omni.se\" class=\"ArticleActions_contactLink__W2F1M\" rel=\"nofollow noopener\" target=\"_blank\">Kontakta redaktionen<\/a><\/p>\n","protected":false},"excerpt":{"rendered":"Tv\u00e5 amerikanska kongressledam\u00f6ter, demokraten Ro Khanna och republikanen Thomas Massie, hotar att f\u00f6rs\u00f6ka f\u00e5 justitieminister Pam Bondi f\u00e4lld&hellip;\n","protected":false},"author":2,"featured_media":113288,"comment_status":"","ping_status":"","sticky":false,"template":"","format":"standard","meta":{"footnotes":""},"categories":[14],"tags":[387,22,23,26,27,17,21,3601,24,25,28,29,15,268,16,18,34,31,33,32,30,19,20,74,51,52,53,54],"class_list":{"0":"post-113287","1":"post","2":"type-post","3":"status-publish","4":"format-standard","5":"has-post-thumbnail","7":"category-varlden","8":"tag-amerikansk-politik","9":"tag-breaking-news","10":"tag-breakingnews","11":"tag-featured-news","12":"tag-featurednews","13":"tag-headlines","14":"tag-huvudnyheter","15":"tag-jeffrey-epstein","16":"tag-latest-news","17":"tag-latestnews","18":"tag-main-news","19":"tag-mainnews","20":"tag-news","21":"tag-nordamerika","22":"tag-nyheter","23":"tag-rubriker","24":"tag-se","25":"tag-svenska","26":"tag-sverige","27":"tag-sweden","28":"tag-swedish","29":"tag-top-stories","30":"tag-topstories","31":"tag-usa","32":"tag-varlden","33":"tag-world","34":"tag-world-news","35":"tag-worldnews"},"share_on_mastodon":{"url":"https:\/\/pubeurope.com\/@se\/115760042123029922","error":""},"_links":{"self":[{"href":"https:\/\/www.europesays.com\/se\/wp-json\/wp\/v2\/posts\/113287","targetHints":{"allow":["GET"]}}],"collection":[{"href":"https:\/\/www.europesays.com\/se\/wp-json\/wp\/v2\/posts"}],"about":[{"href":"https:\/\/www.europesays.com\/se\/wp-json\/wp\/v2\/types\/post"}],"author":[{"embeddable":true,"href":"https:\/\/www.europesays.com\/se\/wp-json\/wp\/v2\/users\/2"}],"replies":[{"embeddable":true,"href":"https:\/\/www.europesays.com\/se\/wp-json\/wp\/v2\/comments?post=113287"}],"version-history":[{"count":0,"href":"https:\/\/www.europesays.com\/se\/wp-json\/wp\/v2\/posts\/113287\/revisions"}],"wp:featuredmedia":[{"embeddable":true,"href":"https:\/\/www.europesays.com\/se\/wp-json\/wp\/v2\/media\/113288"}],"wp:attachment":[{"href":"https:\/\/www.europesays.com\/se\/wp-json\/wp\/v2\/media?parent=113287"}],"wp:term":[{"taxonomy":"category","embeddable":true,"href":"https:\/\/www.europesays.com\/se\/wp-json\/wp\/v2\/categories?post=113287"},{"taxonomy":"post_tag","embeddable":true,"href":"https:\/\/www.europesays.com\/se\/wp-json\/wp\/v2\/tags?post=113287"}],"curies":[{"name":"wp","href":"https:\/\/api.w.org\/{rel}","templated":true}]}}