{"id":113298,"date":"2025-12-21T23:11:10","date_gmt":"2025-12-21T23:11:10","guid":{"rendered":"https:\/\/www.europesays.com\/se\/113298\/"},"modified":"2025-12-21T23:11:10","modified_gmt":"2025-12-21T23:11:10","slug":"utpekade-tranaren-maria-tornqvist-polisanmals-av-forbundet-svensk-travsport","status":"publish","type":"post","link":"https:\/\/www.europesays.com\/se\/113298\/","title":{"rendered":"Utpekade tr\u00e4naren Maria T\u00f6rnqvist polisanm\u00e4ls av f\u00f6rbundet Svensk Travsport"},"content":{"rendered":"<p>Utredningen mot Maria T\u00f6rnqvist v\u00e4xer \u2022 Svensk Travsport ber\u00e4ttar om beslutet <a data-test-tag=\"internal-link\" href=\"https:\/\/www.aftonbladet.se\/av\/andreas-ortengren\" class=\"hyperion-css-13ns1rr\" rel=\"nofollow noopener\" target=\"\" aria-label=\"Se alla artiklar av Andreas \u00d6rtengren\"><img decoding=\"async\" class=\"image-asset hyperion-css-n6kkq1\" data-test-tag=\"image-asset\" src=\"https:\/\/www.europesays.com\/se\/wp-content\/uploads\/2025\/12\/1766358668_308_bd28e84d-e0c7-4149-a49a-07505da353ed\"  alt=\"\"  loading=\"lazy\" fetchpriority=\"auto\" style=\"aspect-ratio:1900 \/ 1900\"\/><\/a><\/p>\n<p class=\"boxtextgrotesk-root_baa6 hyperion-css-1w346fg\">Publicerad 2025-12-21 19.43<\/p>\n<p>share-arrowDela<\/p>\n<p>unsaveSpara<\/p>\n<p>expand-left<\/p>\n<p>helsk\u00e4rm<img decoding=\"async\" class=\"image-asset hyperion-css-u06ts1\" data-test-tag=\"image-asset\" src=\"https:\/\/www.europesays.com\/se\/wp-content\/uploads\/2025\/12\/3d6f943f-4aef-4f84-aba0-071f418092b6\"  alt=\"Maria T\u00f6rnqvist har polisanm\u00e4lts av f\u00f6rbundet Svensk Travsport. \"  loading=\"eager\" fetchpriority=\"high\" style=\"aspect-ratio:1200 \/ 600\"\/>Maria T\u00f6rnqvist har polisanm\u00e4lts av f\u00f6rbundet Svensk Travsport. Foto: Lars Jakobsson\/Tr Media<\/p>\n<p class=\"hyperion-css-1shl3oz\" data-test-tag=\"lead-text\">Svensk Travsport utreder stortr\u00e4naren Maria T\u00f6rnqvist efter en film med ljud av piskrapp mot en av hennes h\u00e4star. <\/p>\n<p class=\"hyperion-css-1shl3oz\" data-test-tag=\"lead-text\">Nu v\u00e4ljer f\u00f6rbundet att polisanm\u00e4la h\u00e4ndelsen.<\/p>\n<p class=\"hyperion-css-1shl3oz\" data-test-tag=\"lead-text\">\u2013 Det \u00e4r i linje med v\u00e5ra rutiner, s\u00e4ger Madeleine Segersten, utredningschef p\u00e5 H\u00e4stv\u00e4lf\u00e4rdsavdelningen.<\/p>\n<p>FAKTADetta har h\u00e4nt (2025):<\/p>\n<p class=\"hyperion-css-jonaf8\"><strong>19 mars:<\/strong> ett vittne filmar en h\u00e4ndelse, d\u00e4r tv\u00e5 personer \u00e4r inblandade, d\u00e4r flera piskrapp delas ut mot en h\u00e4st.  <\/p>\n<p class=\"hyperion-css-jonaf8\"><strong>9 december: <\/strong>Videoklippet publiceras p\u00e5 Facebook. <\/p>\n<p class=\"hyperion-css-jonaf8\"><strong>10 december:<\/strong> F\u00f6rbundet startar en utredning, n\u00e5got de kommunicerar p\u00e5 sin <a aria-label=\"hemsida\" class=\"sportbladet hyperion-css-15jkft9\" href=\"https:\/\/www.travsport.se\/arkiv\/nyheter\/2025\/december\/med-anledning-av-den-film-som-spridits\/\" rel=\"noopener nofollow noreferrer\" data-test-tag=\"external-link\" target=\"_blank\">hemsida<\/a>. <\/p>\n<p class=\"hyperion-css-jonaf8\"><strong>10 december:<\/strong> Stortr\u00e4naren Maria T\u00f6rnqvist <a data-test-tag=\"internal-link\" href=\"https:\/\/www.aftonbladet.se\/sportbladet\/trav365\/a\/7pl4wo\/travtranaren-maria-tornqvist-utreds-av-svensk-travsport-efter-film-pa-sociala-medier\" class=\"hyperion-css-15jkft9\" rel=\"nofollow noopener\" target=\"\" aria-label=\"tr\u00e4der fram\" theme=\"sportbladet\">tr\u00e4der fram<\/a> och ber\u00e4ttar att det \u00e4r hon som syns p\u00e5 filmen. Ocks\u00e5 vittnet ger sin version f\u00f6r Trav365. <\/p>\n<p class=\"hyperion-css-jonaf8\"><strong>11 december:<\/strong> <a data-test-tag=\"internal-link\" href=\"https:\/\/www.aftonbladet.se\/sportbladet\/trav365\/a\/m06xGq\/travkusken-dwight-pieters-uttalar-sig-efter-omdiskuterade-klippet\" class=\"hyperion-css-15jkft9\" rel=\"nofollow noopener\" target=\"\" aria-label=\"I en intervju\" theme=\"sportbladet\">I en intervju<\/a> p\u00e5 \u00c5bytravet tar kusken Dwight Pieters p\u00e5 sig ansvaret. <\/p>\n<p class=\"hyperion-css-jonaf8\"><strong>16 december:<\/strong> Trav365 avsl\u00f6jar att en anm\u00e4lan <a data-test-tag=\"internal-link\" href=\"https:\/\/www.aftonbladet.se\/sportbladet\/trav365\/a\/vrmJML\/anmalan-mot-maria-tornqvist-har-kommit-in-till-lansstyrelsen\" class=\"hyperion-css-15jkft9\" rel=\"nofollow noopener\" target=\"\" aria-label=\"inkommer till L\u00e4nsstyrelsen\" theme=\"sportbladet\">inkommer till L\u00e4nsstyrelsen<\/a> som parallellt utreder \u00e4rendet som djurpl\u00e5geri. Flera nya vittnen tr\u00e4der fram i utredningen.<\/p>\n<p>L\u00e4s mer<\/p>\n<p class=\"hyperion-css-1v9qo5x\">Den 10 december startade Svensk Travsport sin utredning mot stortr\u00e4naren Maria T\u00f6rnqvist.<\/p>\n<p class=\"hyperion-css-1v9qo5x\">Anledningen \u00e4r den film som spridits p\u00e5 sociala medier d\u00e4r ljud av flera piskrapp h\u00f6rs mot en av hennes h\u00e4star.<\/p>\n<p class=\"hyperion-css-1v9qo5x\">\u2013 Jag st\u00e5r f\u00f6r det h\u00e4r, f\u00f6r vad jag sett och vad jag filmat, har filmaren och vittnet sagt. <\/p>\n<p class=\"hyperion-css-1v9qo5x\">\u2013 Jag f\u00f6rst\u00e5r verkligen att det som h\u00f6rs p\u00e5 klippet l\u00e5ter v\u00e4ldigt illa. Jag g\u00f6r verkligen det, har Maria T\u00f6rnqvist\u00a0<a data-test-tag=\"internal-link\" href=\"https:\/\/www.aftonbladet.se\/sportbladet\/trav365\/a\/7pl4wo\/travtranaren-maria-tornqvist-utreds-av-svensk-travsport-efter-film-pa-sociala-medier\" class=\"hyperion-css-15jkft9\" rel=\"nofollow noopener\" target=\"\" aria-label=\"sagt till Trav365.\" theme=\"sportbladet\">sagt till Trav365.<\/a><\/p>\n<p class=\"hyperion-css-1v9qo5x\">Tidigare har Trav365 avsl\u00f6jat att en <a data-test-tag=\"internal-link\" href=\"https:\/\/www.aftonbladet.se\/sportbladet\/trav365\/a\/vrmJML\/anmalan-mot-maria-tornqvist-har-kommit-in-till-lansstyrelsen\" class=\"hyperion-css-15jkft9\" rel=\"nofollow noopener\" target=\"\" aria-label=\"anm\u00e4lan om djurpl\u00e5geri\" theme=\"sportbladet\">anm\u00e4lan om djurpl\u00e5geri<\/a> mot Maria T\u00f6rnqvist kommit till L\u00e4nsstyrelsen.<\/p>\n<p class=\"hyperion-css-1v9qo5x\">Nu kan Trav365 \u00e4ven avsl\u00f6ja att f\u00f6rbundet Svensk Travsport gjort en polisanm\u00e4lan.<\/p>\n<p>expand-left<\/p>\n<p>helsk\u00e4rm<img decoding=\"async\" class=\"image-asset hyperion-css-u06ts1\" data-test-tag=\"image-asset\" src=\"https:\/\/www.europesays.com\/se\/wp-content\/uploads\/2025\/12\/0228f3a7-28c0-4f44-8244-a80c9ab051f6\"  alt=\"H\u00e4r \u00e4r en bild fr\u00e5n den omtalade filmen.\"  loading=\"eager\" fetchpriority=\"high\" style=\"aspect-ratio:888 \/ 486\"\/>H\u00e4r \u00e4r en bild fr\u00e5n den omtalade filmen. Foto: PrivatF\u00f6rbundet polisanm\u00e4ler <\/p>\n<p class=\"hyperion-css-1v9qo5x\">Madeleine Segersten \u00e4r utredningschef p\u00e5 H\u00e4stv\u00e4lf\u00e4rdsavdelningen. <\/p>\n<p class=\"hyperion-css-1v9qo5x\">Hon ber\u00e4ttar om beslutet. <\/p>\n<p class=\"hyperion-css-1v9qo5x\">\u2013 Vi utreder h\u00e4ndelsen utifr\u00e5n Svensk Travsports reglementen och en del \u00e4renden framf\u00f6rallt kopplat till djurskydd anm\u00e4ls till L\u00e4nsstyrelsen och\/eller Polismyndigheten. Det \u00e4r i linje med v\u00e5ra rutiner att ett \u00e4rende anm\u00e4ls och att vi bist\u00e5r i de delar vi kan om myndigheterna vill ha information, s\u00e4ger hon till Trav365. <\/p>\n<p class=\"hyperion-css-1v9qo5x\"><strong>Hur g\u00e5r det med er egen utredning?<\/strong><\/p>\n<p class=\"hyperion-css-1v9qo5x\">\u2013 Den fortg\u00e5r och vi arbetar fortfarande med att inh\u00e4mta information. Vi har inte l\u00e5st oss vid n\u00e5got perspektiv eller inriktning utan vill ha en grundlig, robust utredning. Fortfarande h\u00e5lls samtal och filmen bearbetas hos v\u00e5r IT-avdelning.<\/p>\n<p>expand-left<\/p>\n<p>helsk\u00e4rm<img decoding=\"async\" class=\"image-asset hyperion-css-u06ts1\" data-test-tag=\"image-asset\" src=\"https:\/\/www.europesays.com\/se\/wp-content\/uploads\/2025\/12\/d764e58d-f4d0-42f9-93b9-4c410fbc138e\"  alt=\"Dwight Pieters och Maria T\u00f6rnqvist. \"  loading=\"eager\" fetchpriority=\"high\" style=\"aspect-ratio:1900 \/ 1266\"\/>Dwight Pieters och Maria T\u00f6rnqvist. Foto: Mikael Wikner\/Tr Media\u201dUtreder grundligt\u201d<\/p>\n<p class=\"hyperion-css-1v9qo5x\">Enligt uppgifter till Trav365 har flera personer med god insyn i proffsstallet klivit fram och vittnat om tidigare missf\u00f6rh\u00e5llanden. <\/p>\n<p class=\"hyperion-css-1v9qo5x\">Att utredningen v\u00e4xer g\u00f6r ocks\u00e5 att den drar ut p\u00e5 tiden. N\u00e4r ett beslut kan kommuniceras \u00e4r inget som utredningschefen vill spekulera i. <\/p>\n<p class=\"hyperion-css-1v9qo5x\">\u2013 Det \u00e4r \u00e4nnu f\u00f6r tidigt att prata om n\u00e4r det kan ske. Jag ska inte ge mig p\u00e5 en gissning heller utan nu utreder vi grundligt. N\u00e4r vi kommer till den punkten att vi k\u00e4nner att vi har en helhetsbild kommer vidare beslut att fattas, avslutar Madeleine Segersten. <\/p>\n<p class=\"hyperion-css-1v9qo5x\">Trav365 har s\u00f6kt b\u00e5de Maria T\u00f6rnqvist och Dwight Pieters som inte vill uttala sig mer innan utredningen \u00e4r klar. <\/p>\n","protected":false},"excerpt":{"rendered":"Utredningen mot Maria T\u00f6rnqvist v\u00e4xer \u2022 Svensk Travsport ber\u00e4ttar om beslutet Publicerad 2025-12-21 19.43 share-arrowDela unsaveSpara expand-left helsk\u00e4rmMaria&hellip;\n","protected":false},"author":2,"featured_media":113299,"comment_status":"","ping_status":"","sticky":false,"template":"","format":"standard","meta":{"footnotes":""},"categories":[68],"tags":[34,111,110,31,33,32,30],"class_list":{"0":"post-113298","1":"post","2":"type-post","3":"status-publish","4":"format-standard","5":"has-post-thumbnail","7":"category-sport","8":"tag-se","9":"tag-sport","10":"tag-sports","11":"tag-svenska","12":"tag-sverige","13":"tag-sweden","14":"tag-swedish"},"share_on_mastodon":{"url":"https:\/\/pubeurope.com\/@se\/115760089512180799","error":""},"_links":{"self":[{"href":"https:\/\/www.europesays.com\/se\/wp-json\/wp\/v2\/posts\/113298","targetHints":{"allow":["GET"]}}],"collection":[{"href":"https:\/\/www.europesays.com\/se\/wp-json\/wp\/v2\/posts"}],"about":[{"href":"https:\/\/www.europesays.com\/se\/wp-json\/wp\/v2\/types\/post"}],"author":[{"embeddable":true,"href":"https:\/\/www.europesays.com\/se\/wp-json\/wp\/v2\/users\/2"}],"replies":[{"embeddable":true,"href":"https:\/\/www.europesays.com\/se\/wp-json\/wp\/v2\/comments?post=113298"}],"version-history":[{"count":0,"href":"https:\/\/www.europesays.com\/se\/wp-json\/wp\/v2\/posts\/113298\/revisions"}],"wp:featuredmedia":[{"embeddable":true,"href":"https:\/\/www.europesays.com\/se\/wp-json\/wp\/v2\/media\/113299"}],"wp:attachment":[{"href":"https:\/\/www.europesays.com\/se\/wp-json\/wp\/v2\/media?parent=113298"}],"wp:term":[{"taxonomy":"category","embeddable":true,"href":"https:\/\/www.europesays.com\/se\/wp-json\/wp\/v2\/categories?post=113298"},{"taxonomy":"post_tag","embeddable":true,"href":"https:\/\/www.europesays.com\/se\/wp-json\/wp\/v2\/tags?post=113298"}],"curies":[{"name":"wp","href":"https:\/\/api.w.org\/{rel}","templated":true}]}}