{"id":113301,"date":"2025-12-21T23:16:32","date_gmt":"2025-12-21T23:16:32","guid":{"rendered":"https:\/\/www.europesays.com\/se\/113301\/"},"modified":"2025-12-21T23:16:32","modified_gmt":"2025-12-21T23:16:32","slug":"koran-med-kulhal-utanfor-moske-forsok-att-skramma","status":"publish","type":"post","link":"https:\/\/www.europesays.com\/se\/113301\/","title":{"rendered":"Koran med kulh\u00e5l utanf\u00f6r mosk\u00e9: \u201dF\u00f6rs\u00f6k att skr\u00e4mma\u201d"},"content":{"rendered":"<p><a data-test-tag=\"internal-link\" href=\"https:\/\/www.aftonbladet.se\/av\/nora-fernstedt\" class=\"hyperion-css-13ns1rr\" rel=\"nofollow noopener\" target=\"\" aria-label=\"Se alla artiklar av Nora Fernstedt\"><img decoding=\"async\" class=\"image-asset hyperion-css-n6kkq1\" data-test-tag=\"image-asset\" src=\"https:\/\/www.europesays.com\/se\/wp-content\/uploads\/2025\/12\/1766358991_933_4898f780-21e5-4fc9-aaf6-8b2690fbf32e\"  alt=\"\"  loading=\"lazy\" fetchpriority=\"auto\" style=\"aspect-ratio:1900 \/ 1900\"\/><\/a><\/p>\n<p class=\"boxtextgrotesk-root_baa6 hyperion-css-7pajle\">Publicerad 2025-12-21 23.56<\/p>\n<p>share-arrowDela<\/p>\n<p>unsaveSpara<\/p>\n<p><img decoding=\"async\" class=\"image-asset hyperion-css-u06ts1\" data-test-tag=\"image-asset\" src=\"https:\/\/www.europesays.com\/se\/wp-content\/uploads\/2025\/12\/e0b9d160-7b37-4630-8028-c1c08b6b9a18\"  alt=\"Koranen med kulh\u00e5len uppt\u00e4cktes p\u00e5 l\u00f6rdagskv\u00e4llen.\"  loading=\"eager\" fetchpriority=\"high\" style=\"aspect-ratio:300 \/ 219\"\/>Koranen med kulh\u00e5len uppt\u00e4cktes p\u00e5 l\u00f6rdagskv\u00e4llen. Foto: Islamiska F\u00f6rbundet<\/p>\n<p class=\"hyperion-css-1shl3oz\" data-test-tag=\"lead-text\">En koran med sex kulh\u00e5l, fastkedjad i ett trappr\u00e4cke.<\/p>\n<p class=\"hyperion-css-1shl3oz\" data-test-tag=\"lead-text\">Den synen m\u00f6ttes bes\u00f6kare av utanf\u00f6r Stockholms mosk\u00e9.<\/p>\n<p class=\"hyperion-css-1shl3oz\" data-test-tag=\"lead-text\">H\u00e4ndelsen har polisanm\u00e4lts som hets mot folkgrupp.<\/p>\n<p class=\"hyperion-css-1v9qo5x\">Koranen uppt\u00e4cktes p\u00e5 l\u00f6rdagskv\u00e4llen i samband med en temadag f\u00f6r ungdomar, skriver <a data-test-tag=\"internal-link\" href=\"https:\/\/www.aftonbladet.se\/stockholm\" class=\"hyperion-css-15jkft9\" rel=\"nofollow noopener\" target=\"\" aria-label=\"Stockholms\">Stockholms<\/a> mosk\u00e9 i ett <a aria-label=\"pressmeddelande.\" class=\"default hyperion-css-15jkft9\" href=\"https:\/\/stockholmsmoske.se\/stockholms-moske-fordomer-hatbrott-utanfor-moske\/\" rel=\"noopener nofollow noreferrer\" data-test-tag=\"external-link\" target=\"_blank\">pressmeddelande.<\/a><\/p>\n<p class=\"hyperion-css-1v9qo5x\">F\u00f6rutom tydliga kulh\u00e5l fanns ett klisterm\u00e4rke p\u00e5 koranen med ett budskap som uppmanade muslimer att \u201d\u00e5terv\u00e4nda till sitt hemland\u201d. Meddelandet stod skrivet p\u00e5 b\u00e5de arabiska och svenska.<\/p>\n<p class=\"hyperion-css-1v9qo5x\">\u201dH\u00e4ndelsen utg\u00f6r ett direkt hot om v\u00e5ld samt ett f\u00f6rs\u00f6k att skr\u00e4mma muslimer fr\u00e5n att bes\u00f6ka mosk\u00e9n. Den inneh\u00e5ller \u00e4ven en rasistisk uppmaning som syftar till att utest\u00e4nga svenska muslimer fr\u00e5n sitt eget land\u201d, skriver Stockholms mosk\u00e9 i pressmeddelandet.<\/p>\n<p>Kr\u00e4ver h\u00e5rdare tag mot islamofobi<\/p>\n<p class=\"hyperion-css-1v9qo5x\">Vidare skriver de att man vill betona att muslimer \u00e4r en sj\u00e4lvklar och integrerad del av det svenska samh\u00e4llet.<\/p>\n<p class=\"hyperion-css-1v9qo5x\">\u201dVi kr\u00e4ver \u00e4ven att ansvariga myndigheter agerar skyndsamt, utreder h\u00e4ndelsen grundligt och s\u00e4kerst\u00e4ller skyddet av religi\u00f6sa samlingsplatser. Vidare v\u00e4djar vi till politiker och myndigheter att prioritera arbetet mot islamofobi, som utg\u00f6r ett v\u00e4xande samh\u00e4llsproblem och ett allvarligt hot mot tryggheten, sammanh\u00e5llningen och religionsfriheten i Sverige\u201d.<\/p>\n<p class=\"hyperion-css-1v9qo5x\">Polisen bekr\u00e4ftar att det gjorts en anm\u00e4lan.<\/p>\n<p class=\"hyperion-css-1v9qo5x\">\u2013 Vi har varit p\u00e5 plats om detta och uppr\u00e4ttat en anm\u00e4lan om hets mot folkgrupp, s\u00e4ger Jari Kalliorinne, vakthavande bef\u00e4l vid Stockholmspolisen<\/p>\n","protected":false},"excerpt":{"rendered":"Publicerad 2025-12-21 23.56 share-arrowDela unsaveSpara Koranen med kulh\u00e5len uppt\u00e4cktes p\u00e5 l\u00f6rdagskv\u00e4llen. Foto: Islamiska F\u00f6rbundet En koran med sex&hellip;\n","protected":false},"author":2,"featured_media":113302,"comment_status":"","ping_status":"","sticky":false,"template":"","format":"standard","meta":{"footnotes":""},"categories":[12],"tags":[22,23,26,27,17,21,24,25,28,29,15,16,18,34,31,33,32,30,19,20],"class_list":{"0":"post-113301","1":"post","2":"type-post","3":"status-publish","4":"format-standard","5":"has-post-thumbnail","7":"category-sverige","8":"tag-breaking-news","9":"tag-breakingnews","10":"tag-featured-news","11":"tag-featurednews","12":"tag-headlines","13":"tag-huvudnyheter","14":"tag-latest-news","15":"tag-latestnews","16":"tag-main-news","17":"tag-mainnews","18":"tag-news","19":"tag-nyheter","20":"tag-rubriker","21":"tag-se","22":"tag-svenska","23":"tag-sverige","24":"tag-sweden","25":"tag-swedish","26":"tag-top-stories","27":"tag-topstories"},"share_on_mastodon":{"url":"https:\/\/pubeurope.com\/@se\/115760109091738029","error":""},"_links":{"self":[{"href":"https:\/\/www.europesays.com\/se\/wp-json\/wp\/v2\/posts\/113301","targetHints":{"allow":["GET"]}}],"collection":[{"href":"https:\/\/www.europesays.com\/se\/wp-json\/wp\/v2\/posts"}],"about":[{"href":"https:\/\/www.europesays.com\/se\/wp-json\/wp\/v2\/types\/post"}],"author":[{"embeddable":true,"href":"https:\/\/www.europesays.com\/se\/wp-json\/wp\/v2\/users\/2"}],"replies":[{"embeddable":true,"href":"https:\/\/www.europesays.com\/se\/wp-json\/wp\/v2\/comments?post=113301"}],"version-history":[{"count":0,"href":"https:\/\/www.europesays.com\/se\/wp-json\/wp\/v2\/posts\/113301\/revisions"}],"wp:featuredmedia":[{"embeddable":true,"href":"https:\/\/www.europesays.com\/se\/wp-json\/wp\/v2\/media\/113302"}],"wp:attachment":[{"href":"https:\/\/www.europesays.com\/se\/wp-json\/wp\/v2\/media?parent=113301"}],"wp:term":[{"taxonomy":"category","embeddable":true,"href":"https:\/\/www.europesays.com\/se\/wp-json\/wp\/v2\/categories?post=113301"},{"taxonomy":"post_tag","embeddable":true,"href":"https:\/\/www.europesays.com\/se\/wp-json\/wp\/v2\/tags?post=113301"}],"curies":[{"name":"wp","href":"https:\/\/api.w.org\/{rel}","templated":true}]}}