{"id":113305,"date":"2025-12-21T23:19:26","date_gmt":"2025-12-21T23:19:26","guid":{"rendered":"https:\/\/www.europesays.com\/se\/113305\/"},"modified":"2025-12-21T23:19:26","modified_gmt":"2025-12-21T23:19:26","slug":"premiar-for-topp-12-finalen-sa-har-hanger-du-med","status":"publish","type":"post","link":"https:\/\/www.europesays.com\/se\/113305\/","title":{"rendered":"Premi\u00e4r f\u00f6r topp 12-finalen \u2013 s\u00e5 h\u00e4r h\u00e4nger du med"},"content":{"rendered":"<p>N\u00e4r Sweden International Horse Show<a href=\"https:\/\/www.tidningenridsport.se\/topp-10-konceptet-tas-bort-nar-dressyren-pa-sihs-tappar-status\/\" target=\"_blank\" rel=\"noreferrer noopener nofollow\"> tappade sin topp 10-final i dressyr <\/a>var arrang\u00f6ren av de femstj\u00e4rniga <a href=\"https:\/\/www.tidningenridsport.se\/stockholm-tappade-top-10-nu-blir-det-top-12-i-frankfurt\/\" target=\"_blank\" rel=\"noreferrer noopener nofollow\">t\u00e4vlingarna i tyska Frankfurt <\/a>snabba med att fylla luckan.<\/p>\n<p>F\u00f6r\u00e4ndringen ledde till att konceptet utvecklades till en topp 12-final f\u00f6r v\u00e4rldens h\u00f6gst rankade ryttare. Detta inneb\u00e4r att svenskarna <strong>Patrik Kittel <\/strong>och <strong>Maria von Essen <\/strong>fick varsin inbjudan d\u00e5 de \u00e4r <a href=\"https:\/\/www.tidningenridsport.se\/tva-svenskar-pa-topp-10\/\" target=\"_blank\" rel=\"noreferrer noopener nofollow\">rankade nia respektive tia i v\u00e4rlden. <\/a><\/p>\n<p>Redan i fredags reds en inledande Grand Prix f\u00f6r topp 12-deltagarna och d\u00e4r blev Kittel sexa med <strong>Touchdown <\/strong>(SWB val f -12 e Quaterback-Sack, uppf Verbena Dressage, \u00e4g Sommarkvarn AB) och von Essen \u00e5tta med <strong>Invoice<\/strong> (OLDBG, f -12 e Jazz\u2013Olympic Ferro, uppf: P.J. Crum, \u00e4g: Alexanders Hovslageri &amp; H\u00e4st AB). Belgiske v\u00e4rldsettan <strong>Justin Verboomen<\/strong> red sin stj\u00e4rna <strong>Zonik Plus<\/strong> (HANN hingst f -16 e Glock\u2019s Zonik N.O.P.\u2013Hohenstein I, uppf Dressage Plus Amadora) till seger.<\/p>\n<p>I dag, s\u00f6ndag, \u00e4r det dags f\u00f6r toppekipagens k\u00fcr och Ridsport kommer att direktrapportera fr\u00e5n klassen.<\/p>\n<p>F\u00f6rutom ovanst\u00e5ende ekipage finns ocks\u00e5 bland annat danska <strong>Cathrine Laudrup Dufour<\/strong>, tyska <strong>Isabell Werth<\/strong> och polska <strong>Sandra<\/strong> <strong>Sysojeva <\/strong>i startf\u00e4ltet.<\/p>\n<p>Svenska ekipagens starttider<\/p>\n<p>11.20 Patrik Kittel\/Touchdown<br \/>11.40 Maria von Essen\/Invoice<\/p>\n<p><a href=\"https:\/\/festhallenreitturnier-frankfurt.com\/\" target=\"_blank\" rel=\"noreferrer noopener nofollow\">Arrang\u00f6rens hemsida<\/a><br \/><a href=\"https:\/\/results.hippodata.de\/2025\/2733\/html\/de\/hippodata\/index.html?style=hippo\" target=\"_blank\" rel=\"noreferrer noopener nofollow\">Startlistor och resultat<\/a><br \/><a href=\"https:\/\/www.clipmyhorse.tv\/sv_SE\/events\/15517\/internationales-festhallenturnier-frankfurt\" target=\"_blank\" rel=\"noreferrer noopener nofollow\">ClipMyHorse s\u00e4nder live<\/a><\/p>\n<p>Alltid uppdaterad! Prenumerera gratis p\u00e5 Ridsports nyhetsbrev.<br \/>\nS\u00e5 arbetar Ridsport<\/p>\n<p>Grunden i v\u00e5r journalistik \u00e4r trov\u00e4rdighet och opartiskhet. Det vi publicerar ska vara sant och relevant. Ridsport \u00e4r oberoende och frist\u00e5ende i f\u00f6rh\u00e5llande till ekonomiska, privata, politiska och andra intressen.<\/p>\n","protected":false},"excerpt":{"rendered":"N\u00e4r Sweden International Horse Show tappade sin topp 10-final i dressyr var arrang\u00f6ren av de femstj\u00e4rniga t\u00e4vlingarna i&hellip;\n","protected":false},"author":2,"featured_media":113306,"comment_status":"","ping_status":"","sticky":false,"template":"","format":"standard","meta":{"footnotes":""},"categories":[68],"tags":[12374,12375,2083,12376,12377,2084,2085,12378,34,111,110,31,33,32,30,12379,2086,12380],"class_list":{"0":"post-113305","1":"post","2":"type-post","3":"status-publish","4":"format-standard","5":"has-post-thumbnail","7":"category-sport","8":"tag-cathrine-laudrup-dufour","9":"tag-frankfurt","10":"tag-invoice","11":"tag-isabell-werth","12":"tag-justin-verboomen","13":"tag-maria-von-essen","14":"tag-patrik-kittel","15":"tag-sandra-sysojeva","16":"tag-se","17":"tag-sport","18":"tag-sports","19":"tag-svenska","20":"tag-sverige","21":"tag-sweden","22":"tag-swedish","23":"tag-topp-12","24":"tag-touchdown","25":"tag-zonik-plus"},"share_on_mastodon":{"url":"https:\/\/pubeurope.com\/@se\/115760120690876637","error":""},"_links":{"self":[{"href":"https:\/\/www.europesays.com\/se\/wp-json\/wp\/v2\/posts\/113305","targetHints":{"allow":["GET"]}}],"collection":[{"href":"https:\/\/www.europesays.com\/se\/wp-json\/wp\/v2\/posts"}],"about":[{"href":"https:\/\/www.europesays.com\/se\/wp-json\/wp\/v2\/types\/post"}],"author":[{"embeddable":true,"href":"https:\/\/www.europesays.com\/se\/wp-json\/wp\/v2\/users\/2"}],"replies":[{"embeddable":true,"href":"https:\/\/www.europesays.com\/se\/wp-json\/wp\/v2\/comments?post=113305"}],"version-history":[{"count":0,"href":"https:\/\/www.europesays.com\/se\/wp-json\/wp\/v2\/posts\/113305\/revisions"}],"wp:featuredmedia":[{"embeddable":true,"href":"https:\/\/www.europesays.com\/se\/wp-json\/wp\/v2\/media\/113306"}],"wp:attachment":[{"href":"https:\/\/www.europesays.com\/se\/wp-json\/wp\/v2\/media?parent=113305"}],"wp:term":[{"taxonomy":"category","embeddable":true,"href":"https:\/\/www.europesays.com\/se\/wp-json\/wp\/v2\/categories?post=113305"},{"taxonomy":"post_tag","embeddable":true,"href":"https:\/\/www.europesays.com\/se\/wp-json\/wp\/v2\/tags?post=113305"}],"curies":[{"name":"wp","href":"https:\/\/api.w.org\/{rel}","templated":true}]}}