{"id":113311,"date":"2025-12-21T23:29:12","date_gmt":"2025-12-21T23:29:12","guid":{"rendered":"https:\/\/www.europesays.com\/se\/113311\/"},"modified":"2025-12-21T23:29:12","modified_gmt":"2025-12-21T23:29:12","slug":"the-wire-skadespelaren-james-ransone-ar-dod","status":"publish","type":"post","link":"https:\/\/www.europesays.com\/se\/113311\/","title":{"rendered":"\u201dThe wire\u201d-sk\u00e5despelaren James Ransone \u00e4r d\u00f6d"},"content":{"rendered":"<p>Sk\u00e5despelaren James Ransone \u00e4r d\u00f6d, rapporterar amerikanska medier. Han blev 46 \u00e5r.<\/p>\n<p>Ransone \u00e4r mest k\u00e4nd f\u00f6r rollen som hamnarbetaren och sm\u00e5skurken Ziggy Sobotka i s\u00e4song tv\u00e5 av den ikoniska tv-serien \u201dThe wire\u201d. Han har ocks\u00e5 bland annat spelat mot Alexander Skarsg\u00e5rd i krigsserien \u201dGeneration kill\u201d.<\/p>\n<p>Enligt r\u00e4ttsl\u00e4karen i Los Angeles tog han sitt liv, skriver TMZ.<\/p>\n<p>Ta hj\u00e4lp vid sj\u00e4lvmordstankar<\/p>\n<p>SOS Alarm 112<br \/>Vid akuta l\u00e4gen eller vid tankar p\u00e5 sj\u00e4lvmord,\u202fring alltid 112.<\/p>\n<p>Mind Sj\u00e4lvmordslinjen 90101<br \/>St\u00f6dlinje f\u00f6r personer med tankar p\u00e5 sj\u00e4lvmord. \u00d6ppen dygnet runt. Tel: 90101.<br \/>Chatt:\u202f<a target=\"_blank\" rel=\"noreferrer nofollow noopener\" href=\"http:\/\/chat.mind.se\/\" class=\"Text_externalLink__zdh8y\">chat.mind.se<\/a><\/p>\n<p>V\u00e5rdguiden 1177<br \/>Sjukv\u00e5rdsr\u00e5dgivning samt uppgifter om n\u00e4rmsta psykiatriska akutmottagning. Tel: 1177<br \/><a target=\"_blank\" rel=\"noreferrer nofollow noopener\" href=\"http:\/\/www.1177.se\/\" class=\"Text_externalLink__zdh8y\">www.1177.se<\/a><\/p>\n<p>Jourhavande pr\u00e4st<br \/>Tel: 112, alla dagar kl 21\u201306<br \/><a target=\"_blank\" rel=\"noreferrer nofollow noopener\" href=\"http:\/\/svenskakyrkan.se\/jourhavandeprast\" class=\"Text_externalLink__zdh8y\">Svenskakyrkan.se\/jourhavandeprast<\/a><\/p>\n<p>Jourhavande kompis<br \/>Tar emot samtal fr\u00e5n barn och unga upp till 25 \u00e5r. Chattjour vardagar kl 18\u201322, helger kl 14\u201318.<br \/><a target=\"_blank\" rel=\"noreferrer nofollow noopener\" href=\"https:\/\/rkuf.se\/vad-vi-gor\/jourhavande-kompis\/\" class=\"Text_externalLink__zdh8y\">jourhavandekompis.se<\/a><\/p>\n<p>Omni \u00e4r politiskt obundna och oberoende. Vi str\u00e4var efter att ge fler perspektiv p\u00e5 nyheterna. Har du fr\u00e5gor eller synpunkter kring v\u00e5r rapportering? <a href=\"https:\/\/omni.se\/the-wire-skadespelare-dod-blev-46-ar\/a\/mailto:redaktion@omni.se\" class=\"ArticleActions_contactLink__W2F1M\" rel=\"nofollow noopener\" target=\"_blank\">Kontakta redaktionen<\/a><\/p>\n","protected":false},"excerpt":{"rendered":"Sk\u00e5despelaren James Ransone \u00e4r d\u00f6d, rapporterar amerikanska medier. Han blev 46 \u00e5r. Ransone \u00e4r mest k\u00e4nd f\u00f6r rollen&hellip;\n","protected":false},"author":2,"featured_media":113312,"comment_status":"","ping_status":"","sticky":false,"template":"","format":"standard","meta":{"footnotes":""},"categories":[67],"tags":[104,168,34,31,33,32,30,12381,105],"class_list":{"0":"post-113311","1":"post","2":"type-post","3":"status-publish","4":"format-standard","5":"has-post-thumbnail","7":"category-underhallning","8":"tag-entertainment","9":"tag-film-tv","10":"tag-se","11":"tag-svenska","12":"tag-sverige","13":"tag-sweden","14":"tag-swedish","15":"tag-the-wire","16":"tag-underhallning"},"share_on_mastodon":{"url":"https:\/\/pubeurope.com\/@se\/115760160068387549","error":""},"_links":{"self":[{"href":"https:\/\/www.europesays.com\/se\/wp-json\/wp\/v2\/posts\/113311","targetHints":{"allow":["GET"]}}],"collection":[{"href":"https:\/\/www.europesays.com\/se\/wp-json\/wp\/v2\/posts"}],"about":[{"href":"https:\/\/www.europesays.com\/se\/wp-json\/wp\/v2\/types\/post"}],"author":[{"embeddable":true,"href":"https:\/\/www.europesays.com\/se\/wp-json\/wp\/v2\/users\/2"}],"replies":[{"embeddable":true,"href":"https:\/\/www.europesays.com\/se\/wp-json\/wp\/v2\/comments?post=113311"}],"version-history":[{"count":0,"href":"https:\/\/www.europesays.com\/se\/wp-json\/wp\/v2\/posts\/113311\/revisions"}],"wp:featuredmedia":[{"embeddable":true,"href":"https:\/\/www.europesays.com\/se\/wp-json\/wp\/v2\/media\/113312"}],"wp:attachment":[{"href":"https:\/\/www.europesays.com\/se\/wp-json\/wp\/v2\/media?parent=113311"}],"wp:term":[{"taxonomy":"category","embeddable":true,"href":"https:\/\/www.europesays.com\/se\/wp-json\/wp\/v2\/categories?post=113311"},{"taxonomy":"post_tag","embeddable":true,"href":"https:\/\/www.europesays.com\/se\/wp-json\/wp\/v2\/tags?post=113311"}],"curies":[{"name":"wp","href":"https:\/\/api.w.org\/{rel}","templated":true}]}}