{"id":113313,"date":"2025-12-21T23:31:14","date_gmt":"2025-12-21T23:31:14","guid":{"rendered":"https:\/\/www.europesays.com\/se\/113313\/"},"modified":"2025-12-21T23:31:14","modified_gmt":"2025-12-21T23:31:14","slug":"larmade-om-sexkop-och-droger-pa-jobbet-fick-sjalv-sparken-arbetet","status":"publish","type":"post","link":"https:\/\/www.europesays.com\/se\/113313\/","title":{"rendered":"Larmade om sexk\u00f6p och droger p\u00e5 jobbet \u2013 fick sj\u00e4lv sparken \u2013 Arbetet"},"content":{"rendered":"<p>Kvinnan hade jobbat i tio \u00e5r p\u00e5 ett kapitalf\u00f6rvaltningsbolag i centrala Stockholm n\u00e4r hon pl\u00f6tsligt blev uppsagd, <a href=\"https:\/\/kollega.se\/arbetsratt\/tog-upp-kollegors-sexkop-forlorade-jobbet\" rel=\"nofollow noopener\" target=\"_blank\">skriver tidningen Kollega.\u00a0<\/a><\/p>\n<p>Enligt arbetsgivaren f\u00f6r att hon varit illojal och pratat illa om kollegor.\u00a0<\/p>\n<p>Sj\u00e4lv menar hon att hon blivit sparkad f\u00f6r att hon slagit larm om kollegor som k\u00f6pte sex p\u00e5 jobbresor och anv\u00e4nde olagliga droger.<\/p>\n<p>Drev fallet till domstol<\/p>\n<p>Med hj\u00e4lp av fackf\u00f6rbundet Unionen har hon nu dragit sin tidigare arbetsgivare inf\u00f6r domstol.\u00a0<\/p>\n<p>Enligt f\u00f6rbundsjurist Lisa Melin har upps\u00e4gningen inte g\u00e5tt r\u00e4tt till, och anledningarna som f\u00f6retaget p\u00e5st\u00e5r ligger bakom \u00e4r p\u00e5hittade.\u00a0<\/p>\n<p>\u201dV\u00e5r bild \u00e4r att hon har blivit en obekv\u00e4m person n\u00e4r hon lyft problem och man har d\u00e4refter f\u00f6rs\u00f6kt hitta grejer p\u00e5 henne\u201d, s\u00e4ger Lisa Melin till Kollega.<\/p>\n<p>F\u00f6retaget: Falska p\u00e5st\u00e5enden<\/p>\n<p>Under f\u00f6rhandlingen i Stockholms tingsr\u00e4tt sa representanter fr\u00e5n bolaget att det inte st\u00e4mmer att personal k\u00f6pt sex eller anv\u00e4nt narkotika.<\/p>\n<p>I st\u00e4llet h\u00e4vdade de att kvinnan blivit uppsagd f\u00f6r att hon skapat oro p\u00e5 jobbet genom att peka ut kollegor som kriminella.\u00a0<\/p>\n<p>Men de p\u00e5st\u00e5endena g\u00e5r inte att bevisa, slog domstolen fast. Det finns d\u00e4rf\u00f6r ingen saklig grund f\u00f6r att s\u00e4ga upp henne.\u00a0<\/p>\n<p>Bolaget d\u00f6ms d\u00e4rf\u00f6r att betala 135 000 kronor i skadest\u00e5nd, st\u00e5 f\u00f6r Unionens r\u00e4tteg\u00e5ngskostnader p\u00e5 drygt 700 000 kronor och ers\u00e4tta kvinnan f\u00f6r utebliven l\u00f6n under hela tiden som r\u00e4ttsprocessen p\u00e5g\u00e5tt.\u00a0<\/p>\n<p>\u201dDet k\u00e4nns som en seger, inte bara f\u00f6r mig utan f\u00f6r alla kvinnor som blivit illa behandlade. Jag fick s\u00e4ga det jag ville i r\u00e4tten och g\u00f6ra min r\u00f6st h\u00f6rd\u201d, s\u00e4ger hon till Kollega efter beskedet om domen.<\/p>\n<p>F\u00f6retaget har valt att acceptera domen och inte \u00f6verklaga.<\/p>\n","protected":false},"excerpt":{"rendered":"Kvinnan hade jobbat i tio \u00e5r p\u00e5 ett kapitalf\u00f6rvaltningsbolag i centrala Stockholm n\u00e4r hon pl\u00f6tsligt blev uppsagd, skriver&hellip;\n","protected":false},"author":2,"featured_media":113314,"comment_status":"","ping_status":"","sticky":false,"template":"","format":"standard","meta":{"footnotes":""},"categories":[65],"tags":[72,70,71,34,31,33,32,30],"class_list":{"0":"post-113313","1":"post","2":"type-post","3":"status-publish","4":"format-standard","5":"has-post-thumbnail","7":"category-ekonomi","8":"tag-business","9":"tag-economy","10":"tag-ekonomi","11":"tag-se","12":"tag-svenska","13":"tag-sverige","14":"tag-sweden","15":"tag-swedish"},"share_on_mastodon":{"url":"https:\/\/pubeurope.com\/@se\/115760167882083711","error":""},"_links":{"self":[{"href":"https:\/\/www.europesays.com\/se\/wp-json\/wp\/v2\/posts\/113313","targetHints":{"allow":["GET"]}}],"collection":[{"href":"https:\/\/www.europesays.com\/se\/wp-json\/wp\/v2\/posts"}],"about":[{"href":"https:\/\/www.europesays.com\/se\/wp-json\/wp\/v2\/types\/post"}],"author":[{"embeddable":true,"href":"https:\/\/www.europesays.com\/se\/wp-json\/wp\/v2\/users\/2"}],"replies":[{"embeddable":true,"href":"https:\/\/www.europesays.com\/se\/wp-json\/wp\/v2\/comments?post=113313"}],"version-history":[{"count":0,"href":"https:\/\/www.europesays.com\/se\/wp-json\/wp\/v2\/posts\/113313\/revisions"}],"wp:featuredmedia":[{"embeddable":true,"href":"https:\/\/www.europesays.com\/se\/wp-json\/wp\/v2\/media\/113314"}],"wp:attachment":[{"href":"https:\/\/www.europesays.com\/se\/wp-json\/wp\/v2\/media?parent=113313"}],"wp:term":[{"taxonomy":"category","embeddable":true,"href":"https:\/\/www.europesays.com\/se\/wp-json\/wp\/v2\/categories?post=113313"},{"taxonomy":"post_tag","embeddable":true,"href":"https:\/\/www.europesays.com\/se\/wp-json\/wp\/v2\/tags?post=113313"}],"curies":[{"name":"wp","href":"https:\/\/api.w.org\/{rel}","templated":true}]}}