{"id":113321,"date":"2025-12-21T23:46:37","date_gmt":"2025-12-21T23:46:37","guid":{"rendered":"https:\/\/www.europesays.com\/se\/113321\/"},"modified":"2025-12-21T23:46:37","modified_gmt":"2025-12-21T23:46:37","slug":"nick-reiner-hade-fatt-ny-medicin-mot-schizofreni","status":"publish","type":"post","link":"https:\/\/www.europesays.com\/se\/113321\/","title":{"rendered":"Nick Reiner hade f\u00e5tt ny medicin mot schizofreni"},"content":{"rendered":"<p>Publicerad 20 dec 2025 kl 21.21Uppdaterad kl 21.36<\/p>\n<p>Nick Reiner misst\u00e4nks ha m\u00f6rdat sina f\u00f6r\u00e4ldrar.\u00a0<\/p>\n<p>Nu uppger flera k\u00e4llor att stj\u00e4rnregiss\u00f6rens son lider av schizofreni \u2013 och nyligen gjordes justeringar i hans medicinering.\u00a0<\/p>\n<p>F\u00f6r\u00e4ndringen ska ha gjort honom \u201dinstabil och farlig\u201d, skriver flera medier.<\/p>\n<p><img loading=\"lazy\"   alt=\"\"\/><\/p>\n<p>Nick Reiner.<\/p>\n<p>Foto: RICHARD SHOTWELL \/ AP TT NYHETSBYR\u00c5N<\/p>\n<p>\u00d6ppna bild i helsk\u00e4rm<img loading=\"lazy\"   alt=\"\"\/><\/p>\n<p>Rob Reiner och hustrun Michele Singer Reiner.<\/p>\n<p>Foto: INSTAR \/ STELLA PICTURES \/ STELLA PICTURES<\/p>\n<p>\u00d6ppna bild i helsk\u00e4rm<\/p>\n<p>F\u00f6rra veckan hittades Hollywoodregiss\u00f6ren Rob Reiner, 78, och hustrun Michele Singer Reiner, 68, d\u00f6da i sitt hem i <a href=\"https:\/\/www.expressen.se\/tagg\/location\/los-angeles\/\" class=\"\" rel=\"nofollow noopener\" target=\"_blank\">Los Angeles<\/a>.\u00a0<\/p>\n<p>Kort d\u00e4refter greps deras son, 32-\u00e5riga Nick Reiner, som \u00e4r misst\u00e4nkt f\u00f6r mord.\u00a0<\/p>\n<p>Nu uppger k\u00e4llor till flera amerikanska medier, d\u00e4ribland <a href=\"https:\/\/www.tmz.com\/2025\/12\/19\/nick-reiner-diagnosed-with-schizophrenia\/\" rel=\"nofollow noopener\" target=\"_blank\">TMZ<\/a>, att Reiner lider av schizofreni, en diagnos han fick f\u00f6r flera \u00e5r sen. Veckorna f\u00f6re f\u00f6r\u00e4ldrarnas d\u00f6d ska hans l\u00e4kare ha justerat hans medicinering, vilket ska ha gjort honom \u201dinstabil och farlig\u201d.\u00a0<\/p>\n<p>Sonen ska under den tiden ha flyttat in i f\u00f6r\u00e4ldrarnas g\u00e4sthus f\u00f6r att de var oroliga f\u00f6r honom.<\/p>\n<p>Nick Reiner har ut\u00f6ver sin sjukdom \u00e4ven lidit av missbruk.<\/p>\n<p>D\u00f6dsorsaken: Vasst v\u00e5ld<\/p>\n<p>Kv\u00e4llen innan Rob och Michele Reiner hittades d\u00f6da ska de, tillsammans med sonen Nick Reiner, ha varit p\u00e5 en k\u00e4ndist\u00e4t julfest hos programledaren Conan O&#8217;Brien. Enligt k\u00e4llor ska sonen ha betett sig underligt och st\u00e4llt underliga fr\u00e5gor.<\/p>\n<p>D\u00e4refter ska det ha uppst\u00e5tt ett br\u00e5k mellan Nick och Rob Reiner som sonen stormade i v\u00e4g ifr\u00e5n.\u00a0<\/p>\n<p>RadarOnline skriver att stj\u00e4rnregiss\u00f6ren d\u00e5 ska ha sagt sig vara r\u00e4dd f\u00f6r sin son:<\/p>\n<p>\u2013 Jag \u00e4r livr\u00e4dd f\u00f6r honom. Jag kan inte fatta att jag s\u00e4ger det h\u00e4r men jag \u00e4r r\u00e4dd f\u00f6r min son. Jag tror att min egen son kan g\u00f6ra mig illa, ska han ha sagt, enligt sajten.<\/p>\n<p>Tidigare i veckan hade r\u00e4ttsl\u00e4kare unders\u00f6kt paret Reiners kroppar och kunde konstatera d\u00f6dsorsaken: vasst v\u00e5ld.\u00a0<\/p>\n","protected":false},"excerpt":{"rendered":"Publicerad 20 dec 2025 kl 21.21Uppdaterad kl 21.36 Nick Reiner misst\u00e4nks ha m\u00f6rdat sina f\u00f6r\u00e4ldrar.\u00a0 Nu uppger flera&hellip;\n","protected":false},"author":2,"featured_media":113322,"comment_status":"","ping_status":"","sticky":false,"template":"","format":"standard","meta":{"footnotes":""},"categories":[67],"tags":[104,1997,34,31,33,32,30,310,436,105],"class_list":{"0":"post-113321","1":"post","2":"type-post","3":"status-publish","4":"format-standard","5":"has-post-thumbnail","7":"category-underhallning","8":"tag-entertainment","9":"tag-location-los-angeles","10":"tag-se","11":"tag-svenska","12":"tag-sverige","13":"tag-sweden","14":"tag-swedish","15":"tag-topic-kandisar","16":"tag-topic-valdsbrott-mord","17":"tag-underhallning"},"share_on_mastodon":{"url":"https:\/\/pubeurope.com\/@se\/115760226875215855","error":""},"_links":{"self":[{"href":"https:\/\/www.europesays.com\/se\/wp-json\/wp\/v2\/posts\/113321","targetHints":{"allow":["GET"]}}],"collection":[{"href":"https:\/\/www.europesays.com\/se\/wp-json\/wp\/v2\/posts"}],"about":[{"href":"https:\/\/www.europesays.com\/se\/wp-json\/wp\/v2\/types\/post"}],"author":[{"embeddable":true,"href":"https:\/\/www.europesays.com\/se\/wp-json\/wp\/v2\/users\/2"}],"replies":[{"embeddable":true,"href":"https:\/\/www.europesays.com\/se\/wp-json\/wp\/v2\/comments?post=113321"}],"version-history":[{"count":0,"href":"https:\/\/www.europesays.com\/se\/wp-json\/wp\/v2\/posts\/113321\/revisions"}],"wp:featuredmedia":[{"embeddable":true,"href":"https:\/\/www.europesays.com\/se\/wp-json\/wp\/v2\/media\/113322"}],"wp:attachment":[{"href":"https:\/\/www.europesays.com\/se\/wp-json\/wp\/v2\/media?parent=113321"}],"wp:term":[{"taxonomy":"category","embeddable":true,"href":"https:\/\/www.europesays.com\/se\/wp-json\/wp\/v2\/categories?post=113321"},{"taxonomy":"post_tag","embeddable":true,"href":"https:\/\/www.europesays.com\/se\/wp-json\/wp\/v2\/tags?post=113321"}],"curies":[{"name":"wp","href":"https:\/\/api.w.org\/{rel}","templated":true}]}}