{"id":113323,"date":"2025-12-22T00:14:15","date_gmt":"2025-12-22T00:14:15","guid":{"rendered":"https:\/\/www.europesays.com\/se\/113323\/"},"modified":"2025-12-22T00:14:15","modified_gmt":"2025-12-22T00:14:15","slug":"olycka-pa-riksvag-31-frontalkrock-utanfor-vetlanda","status":"publish","type":"post","link":"https:\/\/www.europesays.com\/se\/113323\/","title":{"rendered":"Olycka p\u00e5 riksv\u00e4g 31 \u2013 frontalkrock utanf\u00f6r Vetlanda"},"content":{"rendered":"<p class=\"sc-c25743f0-0 sc-e37c0145-2 hObFds DQgPn\"><strong>Tv\u00e5 bilister har frontalkrockat p\u00e5 riksv\u00e4g 31 utanf\u00f6r Vetlanda.<br \/>Det r\u00e5der totalstopp i trafiken och minst tv\u00e5 personer \u00e4r skadade.<br \/>\u2013 Det har varit ganska mycket krockv\u00e5ld, s\u00e4ger r\u00e4ddningstj\u00e4nstens ledningsoperat\u00f6r.<\/strong><\/p>\n<p class=\"sc-c25743f0-0 sc-e37c0145-2 hObFds DQgPn\">Tv\u00e5 bilar har frontalkrockat p\u00e5 riksv\u00e4g 31 vid Eken\u00e4ssj\u00f6n strax norr om Vetlanda.<\/p>\n<p class=\"sc-c25743f0-0 sc-e37c0145-2 hObFds DQgPn\">\u2013 \u00c5tminstone tv\u00e5 personer \u00e4r skadade, men jag vet inte s\u00e5 mycket om skadel\u00e4get f\u00f6r n\u00e4rvarande, s\u00e4ger polisens presstalesperson Olle \u00c4lveroth.<\/p>\n<p class=\"sc-c25743f0-0 sc-e37c0145-2 hObFds DQgPn\"><a href=\"https:\/\/www.vetlandaposten.se\/2025-05-02\/direkt-folj-nyheterna-i-vp-spanaren\/\" class=\"pcc\" target=\"_blank\" rel=\"noopener noreferrer nofollow\">Vetlanda-Posten<\/a> skriver att det verkar r\u00f6ra sig om en allvarlig olycka.<\/p>\n<p class=\"sc-c25743f0-0 sc-e37c0145-2 hObFds DQgPn\">\u2013 Det har varit ganska mycket krockv\u00e5ld, s\u00e4ger r\u00e4ddningstj\u00e4nstens ledningsoperat\u00f6r till TV4 Nyheterna.<\/p>\n<p>Totalstopp<\/p>\n<p class=\"sc-c25743f0-0 sc-e37c0145-2 hObFds DQgPn\">Polisen \u00e4r p\u00e5 plats f\u00f6r att bist\u00e5 sjukv\u00e5rd och r\u00e4ddningstj\u00e4nst. Trafikverket uppger att v\u00e4gen \u00e4r helt avst\u00e4ngd i b\u00e5da riktningarna. <\/p>\n<p class=\"sc-c25743f0-0 sc-e37c0145-2 hObFds DQgPn\">\u2013 Det \u00e4r totalstopp, bekr\u00e4ftar r\u00e4ddningstj\u00e4nstens ledningsoperat\u00f6r.<\/p>\n<p class=\"sc-c25743f0-0 sc-e37c0145-2 hObFds DQgPn\">B\u00e4rgare har larmats f\u00f6r b\u00e5da fordonen. <\/p>\n","protected":false},"excerpt":{"rendered":"Tv\u00e5 bilister har frontalkrockat p\u00e5 riksv\u00e4g 31 utanf\u00f6r Vetlanda.Det r\u00e5der totalstopp i trafiken och minst tv\u00e5 personer \u00e4r&hellip;\n","protected":false},"author":2,"featured_media":77179,"comment_status":"","ping_status":"","sticky":false,"template":"","format":"standard","meta":{"footnotes":""},"categories":[14],"tags":[22,23,26,27,17,21,24,25,28,29,15,16,18,34,31,33,32,30,19,20,51,52,53,54],"class_list":{"0":"post-113323","1":"post","2":"type-post","3":"status-publish","4":"format-standard","5":"has-post-thumbnail","7":"category-varlden","8":"tag-breaking-news","9":"tag-breakingnews","10":"tag-featured-news","11":"tag-featurednews","12":"tag-headlines","13":"tag-huvudnyheter","14":"tag-latest-news","15":"tag-latestnews","16":"tag-main-news","17":"tag-mainnews","18":"tag-news","19":"tag-nyheter","20":"tag-rubriker","21":"tag-se","22":"tag-svenska","23":"tag-sverige","24":"tag-sweden","25":"tag-swedish","26":"tag-top-stories","27":"tag-topstories","28":"tag-varlden","29":"tag-world","30":"tag-world-news","31":"tag-worldnews"},"share_on_mastodon":{"url":"https:\/\/pubeurope.com\/@se\/115760337093631909","error":""},"_links":{"self":[{"href":"https:\/\/www.europesays.com\/se\/wp-json\/wp\/v2\/posts\/113323","targetHints":{"allow":["GET"]}}],"collection":[{"href":"https:\/\/www.europesays.com\/se\/wp-json\/wp\/v2\/posts"}],"about":[{"href":"https:\/\/www.europesays.com\/se\/wp-json\/wp\/v2\/types\/post"}],"author":[{"embeddable":true,"href":"https:\/\/www.europesays.com\/se\/wp-json\/wp\/v2\/users\/2"}],"replies":[{"embeddable":true,"href":"https:\/\/www.europesays.com\/se\/wp-json\/wp\/v2\/comments?post=113323"}],"version-history":[{"count":0,"href":"https:\/\/www.europesays.com\/se\/wp-json\/wp\/v2\/posts\/113323\/revisions"}],"wp:featuredmedia":[{"embeddable":true,"href":"https:\/\/www.europesays.com\/se\/wp-json\/wp\/v2\/media\/77179"}],"wp:attachment":[{"href":"https:\/\/www.europesays.com\/se\/wp-json\/wp\/v2\/media?parent=113323"}],"wp:term":[{"taxonomy":"category","embeddable":true,"href":"https:\/\/www.europesays.com\/se\/wp-json\/wp\/v2\/categories?post=113323"},{"taxonomy":"post_tag","embeddable":true,"href":"https:\/\/www.europesays.com\/se\/wp-json\/wp\/v2\/tags?post=113323"}],"curies":[{"name":"wp","href":"https:\/\/api.w.org\/{rel}","templated":true}]}}