{"id":113324,"date":"2025-12-22T00:15:08","date_gmt":"2025-12-22T00:15:08","guid":{"rendered":"https:\/\/www.europesays.com\/se\/113324\/"},"modified":"2025-12-22T00:15:08","modified_gmt":"2025-12-22T00:15:08","slug":"ingen-blir-rik-av-sig-sjalv","status":"publish","type":"post","link":"https:\/\/www.europesays.com\/se\/113324\/","title":{"rendered":"Ingen blir rik av sig sj\u00e4lv"},"content":{"rendered":"<p style=\"font-weight: 400;\">Kr\u00f6nika <strong>Stefan Persson skulle inte haft n\u00e5gra kl\u00e4der p\u00e5 r\u00e4ckena utan textilarbetarna i fabrikerna.<\/strong><\/p>\n<p style=\"font-weight: 400;\">I Sverige tillfaller 80 procent av landets <a href=\"https:\/\/www.scb.se\/hitta-statistik\/statistik-efter-amne\/hushallens-ekonomi\/hushallens-inkomster-tillgangar-och-skulder\/inkomster-och-skatter\/\" rel=\"nofollow noopener\" target=\"_blank\">samlade kapitalinkomster<\/a> de rikaste 10 procenten, medan den fattigaste h\u00e4lften \u00e4ger drygt 4 procent. Den allra rikaste procenten st\u00e5r f\u00f6r merparten av kapitalinkomsterna. Men trots att inkomstklyftorna \u00f6kat i Sverige sedan mitten av 1980-talet, liksom inom m\u00e5nga andra l\u00e4nder, kretsar debatten kring att de mest f\u00f6rm\u00f6gna ska ges fortsatta skattes\u00e4nkningar, samtidigt som inkomsttryggheten f\u00f6r de mest ekonomiskt utsatta grupperna ska f\u00f6rs\u00e4mras.<\/p>\n<p style=\"font-weight: 400;\">Minsta lilla f\u00f6rslag om att beskatta f\u00f6rm\u00f6genhet m\u00f6ts av n\u00e4ringslivslobbyns fulla kraft \u2013 som veckans utspel av V\u00e4nsterpartiet om <a href=\"https:\/\/www.aftonbladet.se\/nyheter\/a\/9pmePd\/vansterpartiet-vill-infora-miljardarsskatt\" rel=\"nofollow noopener\" target=\"_blank\">miljard\u00e4rsskatt<\/a>.<\/p>\n<p>Inte bara moralisk klangbotten<\/p>\n<p style=\"font-weight: 400;\">Det finns drygt 500 miljard\u00e4rer i Sverige och hela 45 svenskar letar sig in p\u00e5 Forbes lista \u00f6ver v\u00e4rldens dollarmiljard\u00e4rer. Inkomstklyftorna har inte bara en moralisk klangbotten. De f\u00e5r systemiska konsekvenser f\u00f6r statsfinanserna. Den franske ekonomen Gabriel Zucman pekar i sin bok \u201dThe hidden wealth of nations\u201d, som handlar om miljard\u00e4rernas skatteflykt, p\u00e5 omfattningen av de otaxerade inkomsterna och hur, i takt med att de rikaste blir allt rikare, detta leder till en koncentration av resurser som bidrar till att urholka statsfinanserna.<\/p>\n<p style=\"font-weight: 400;\">Zucman tar sin utg\u00e5ngspunkt i Frankrike, d\u00e4r den genomsnittlige fransmannen betalar ungef\u00e4r 50 procent av sin inkomst i skatt, medan miljard\u00e4ren betalar ungef\u00e4r 25 procent \u2013 varav h\u00e4lften av det \u00e4r skatt till andra l\u00e4nder.<\/p>\n<p style=\"font-weight: 400;\">Samtidigt har Frankrike omfattande problem med en v\u00e4xande statsskuld p\u00e5 ungef\u00e4r 113 procent av BNP och ett folkligt missn\u00f6je med alltifr\u00e5n h\u00f6jd pensions\u00e5lder till h\u00f6jt heltidsm\u00e5tt och nedsk\u00e4rningar i de sociala trygghetssystemen som s\u00e4gs syfta till att s\u00e4nka skulds\u00e4ttningen (huruvida de g\u00f6r det eller bara s\u00e4nker tillv\u00e4xten \u00e4nnu mer \u00e4r en egen debatt).<\/p>\n<p style=\"font-weight: 400;\">Om de rikaste bidrog mer skulle m\u00e5nga av de impopul\u00e4ra nedsk\u00e4rningarna kunna utebli. Det \u00e4r giltigt \u00e4ven f\u00f6r de utmaningar som kr\u00e4ver \u00f6kad gemensam finansiering i Sverige.<\/p>\n<p style=\"font-weight: 400;\">Vi diskuterar g\u00e4rna den demografiska utmaningen med minskat barnaf\u00f6dande och att allt f\u00e4rre som ska f\u00f6rs\u00f6rja allt fler. Snarare borde vi diskutera utmaningen i att pengar som skulle g\u00e5tt till att finansiera v\u00e4lf\u00e4rd via ett or\u00e4ttvist skattesystem, skatteplanering och skatteundandragande ist\u00e4llet g\u00e5r till en liten rik elit.<\/p>\n<p style=\"font-weight: 400;\">Om beskattningen vore mer tr\u00e4ffs\u00e4ker och progressiv skulle det inte vara ett problem om den genomsnittliga kvinnan v\u00e4ljer att skaffa ett barn ist\u00e4llet f\u00f6r tv\u00e5.<\/p>\n<p>Varf\u00f6r \u00e4r du miljard\u00e4r?<\/p>\n<p style=\"font-weight: 400;\">Artisten Billie Eilish st\u00e4llde i ett tal p\u00e5 ett Wall Street Journal-evenemang fr\u00e5gan, \u201dIf you are a billionaire, why are you a billionaire?\u201d. Det \u00e4r en v\u00e4l st\u00e4lld fr\u00e5ga. F\u00f6r ingen blir rik av sig sj\u00e4lv, inte ens de s\u00e5 kallade self-made miljard\u00e4rerna (som man ska komma ih\u00e5g inte \u00e4r norm, utan de flesta \u00e4rver sin f\u00f6rm\u00f6genhet). Kapital f\u00f6r\u00e4dlas genom arbete. Spotify:s Daniel Ek vore ingenting utan de miljontals artister som producerar musiken som streamas via plattformen, dess mjukvaruutvecklare, programmerare och grafiker. H&amp;M:s Stefan Persson skulle inte haft n\u00e5gra kl\u00e4der p\u00e5 r\u00e4ckena utan textilarbetarna i fabrikerna, bomullsplantagerna, transportarbetarna och de handelsanst\u00e4llda i butiker och lager. Utan den utbildade arbetskraften, infrastrukturen och de sociala skyddsn\u00e4ten som hj\u00e4lper till att uppr\u00e4tth\u00e5lla k\u00f6pkraften f\u00f6r s\u00e5v\u00e4l anst\u00e4llda som konsumenter, skulle miljard\u00e4rerna inte ha kunnat skapa sin f\u00f6rm\u00f6genhet.<\/p>\n<p style=\"font-weight: 400;\">\u00c4nd\u00e5 hotar m\u00e5nga med flytt om en f\u00f6rm\u00f6genhetsskatt \u00e5terinf\u00f6rs. I m\u00e5nga v\u00e4stl\u00e4nder har f\u00f6rm\u00f6genhetsskatten tagits bort \u2013 d\u00e4remot \u00e4r det norm att det finns n\u00e5gon typ av fastighetsskatt. F\u00f6rdelen med fastighetsskatten \u00e4r att det \u00e4r just fast kapital \u2013 det g\u00e5r inte att flytta sitt hus utomlands. I Sverige avskaffades b\u00e5de f\u00f6rm\u00f6genhetsskatten och fastighetsskatten under regeringen Reinfeldt 1, strax dessf\u00f6rinnan avskaffades arvs- och g\u00e5voskatten.<\/p>\n<p style=\"font-weight: 400;\">I kombination med investeringssparkonto, r\u00e4nteavdrag, ROT- och RUT-avdrag och f\u00f6rm\u00e5nliga uppl\u00e4gg f\u00f6r att inkomstomvandla genom 3:12-reglerna (skattereglerna f\u00f6r f\u00e5mansbolag) tr\u00e4der bilden fram av ett Sverige som skatteparadis f\u00f6r superrika, vilket var temat f\u00f6r senaste <a href=\"https:\/\/www.svtplay.se\/video\/KPBB226\/ekonomibyran\/miljardarslandet\" rel=\"nofollow noopener\" target=\"_blank\">Ekonomibyr\u00e5n<\/a>.<\/p>\n<p>I Norge finns f\u00f6rm\u00f6genhetsskatt<\/p>\n<p style=\"font-weight: 400;\">I Norge finns f\u00f6rm\u00f6genhetsskatten kvar och h\u00f6jningen av f\u00f6rm\u00f6genhetsskatten var en stor valdebatt 2025. Men Socialdemokraternas Jonas Gahr St\u00f6re gick ut som segrare, och trots allt verkar de flesta av Norges superrika bo kvar i landet. F\u00f6r vad \u00e4r en l\u00e4gre skattesats mot att susa p\u00e5 en allm\u00e4n v\u00e4g genom ett vackert fjordlandskap?<\/p>\n<p style=\"font-weight: 400;\">En \u00e5terinf\u00f6rd f\u00f6rm\u00f6genhetsskatt vore ett litet steg p\u00e5 v\u00e4gen mot ett mer r\u00e4ttvist skattesystem, och s\u00e5h\u00e4r i juletid kan det vara v\u00e4rt att p\u00e5minna sig om Matteusevangeliet: Det \u00e4r l\u00e4ttare f\u00f6r en kamel att komma igenom ett n\u00e5ls\u00f6ga \u00e4n f\u00f6r en rik att komma in i Guds rike. Ett solidariskt finansierat v\u00e4lf\u00e4rdssamh\u00e4lle gynnar alla \u2013 \u00e4ven de med stora f\u00f6rm\u00f6genheter.<\/p>\n<p style=\"font-weight: 400;\">Det \u00e4r dags att l\u00e4gga skr\u00e4mselpropagandan p\u00e5 hyllan.<\/p>\n<p><strong>Elinor Odeberg<\/strong><\/p>\n","protected":false},"excerpt":{"rendered":"Kr\u00f6nika Stefan Persson skulle inte haft n\u00e5gra kl\u00e4der p\u00e5 r\u00e4ckena utan textilarbetarna i fabrikerna. I Sverige tillfaller 80&hellip;\n","protected":false},"author":2,"featured_media":113325,"comment_status":"","ping_status":"","sticky":false,"template":"","format":"standard","meta":{"footnotes":""},"categories":[12],"tags":[22,23,26,27,17,21,24,25,28,29,15,16,18,34,31,33,32,30,19,20],"class_list":{"0":"post-113324","1":"post","2":"type-post","3":"status-publish","4":"format-standard","5":"has-post-thumbnail","7":"category-sverige","8":"tag-breaking-news","9":"tag-breakingnews","10":"tag-featured-news","11":"tag-featurednews","12":"tag-headlines","13":"tag-huvudnyheter","14":"tag-latest-news","15":"tag-latestnews","16":"tag-main-news","17":"tag-mainnews","18":"tag-news","19":"tag-nyheter","20":"tag-rubriker","21":"tag-se","22":"tag-svenska","23":"tag-sverige","24":"tag-sweden","25":"tag-swedish","26":"tag-top-stories","27":"tag-topstories"},"share_on_mastodon":{"url":"https:\/\/pubeurope.com\/@se\/115760340877269264","error":""},"_links":{"self":[{"href":"https:\/\/www.europesays.com\/se\/wp-json\/wp\/v2\/posts\/113324","targetHints":{"allow":["GET"]}}],"collection":[{"href":"https:\/\/www.europesays.com\/se\/wp-json\/wp\/v2\/posts"}],"about":[{"href":"https:\/\/www.europesays.com\/se\/wp-json\/wp\/v2\/types\/post"}],"author":[{"embeddable":true,"href":"https:\/\/www.europesays.com\/se\/wp-json\/wp\/v2\/users\/2"}],"replies":[{"embeddable":true,"href":"https:\/\/www.europesays.com\/se\/wp-json\/wp\/v2\/comments?post=113324"}],"version-history":[{"count":0,"href":"https:\/\/www.europesays.com\/se\/wp-json\/wp\/v2\/posts\/113324\/revisions"}],"wp:featuredmedia":[{"embeddable":true,"href":"https:\/\/www.europesays.com\/se\/wp-json\/wp\/v2\/media\/113325"}],"wp:attachment":[{"href":"https:\/\/www.europesays.com\/se\/wp-json\/wp\/v2\/media?parent=113324"}],"wp:term":[{"taxonomy":"category","embeddable":true,"href":"https:\/\/www.europesays.com\/se\/wp-json\/wp\/v2\/categories?post=113324"},{"taxonomy":"post_tag","embeddable":true,"href":"https:\/\/www.europesays.com\/se\/wp-json\/wp\/v2\/tags?post=113324"}],"curies":[{"name":"wp","href":"https:\/\/api.w.org\/{rel}","templated":true}]}}