{"id":113330,"date":"2025-12-22T00:23:12","date_gmt":"2025-12-22T00:23:12","guid":{"rendered":"https:\/\/www.europesays.com\/se\/113330\/"},"modified":"2025-12-22T00:23:12","modified_gmt":"2025-12-22T00:23:12","slug":"brand-i-container-vid-gamleby-centrum","status":"publish","type":"post","link":"https:\/\/www.europesays.com\/se\/113330\/","title":{"rendered":"Brand i container vid Gamleby centrum"},"content":{"rendered":"<p>Vid 20.45 p\u00e5 s\u00f6ndagen larmades SOS om en containerbrand vid Gamleby centrum.Annelie Silveira, teamledare hos SOS Alarm, ber\u00e4ttar att det r\u00f6rde sig om soptunna.\u2013 Det \u00e4r n\u00e5gon som sett att det brunnit i en soptunna. R\u00e4ddningstj\u00e4nsten \u00e4r framme. De konstaterar att det \u00e4r en soptunna som \u00e4r varm, men det finns ingenting i den som kan brinna, sa hon strax efter att larmet <\/p>\n","protected":false},"excerpt":{"rendered":"Vid 20.45 p\u00e5 s\u00f6ndagen larmades SOS om en containerbrand vid Gamleby centrum.Annelie Silveira, teamledare hos SOS Alarm, ber\u00e4ttar&hellip;\n","protected":false},"author":2,"featured_media":41308,"comment_status":"","ping_status":"","sticky":false,"template":"","format":"standard","meta":{"footnotes":""},"categories":[12],"tags":[22,23,26,27,17,21,24,25,28,29,15,16,18,34,31,33,32,30,19,20],"class_list":{"0":"post-113330","1":"post","2":"type-post","3":"status-publish","4":"format-standard","5":"has-post-thumbnail","7":"category-sverige","8":"tag-breaking-news","9":"tag-breakingnews","10":"tag-featured-news","11":"tag-featurednews","12":"tag-headlines","13":"tag-huvudnyheter","14":"tag-latest-news","15":"tag-latestnews","16":"tag-main-news","17":"tag-mainnews","18":"tag-news","19":"tag-nyheter","20":"tag-rubriker","21":"tag-se","22":"tag-svenska","23":"tag-sverige","24":"tag-sweden","25":"tag-swedish","26":"tag-top-stories","27":"tag-topstories"},"share_on_mastodon":{"url":"https:\/\/pubeurope.com\/@se\/115760372306169480","error":""},"_links":{"self":[{"href":"https:\/\/www.europesays.com\/se\/wp-json\/wp\/v2\/posts\/113330","targetHints":{"allow":["GET"]}}],"collection":[{"href":"https:\/\/www.europesays.com\/se\/wp-json\/wp\/v2\/posts"}],"about":[{"href":"https:\/\/www.europesays.com\/se\/wp-json\/wp\/v2\/types\/post"}],"author":[{"embeddable":true,"href":"https:\/\/www.europesays.com\/se\/wp-json\/wp\/v2\/users\/2"}],"replies":[{"embeddable":true,"href":"https:\/\/www.europesays.com\/se\/wp-json\/wp\/v2\/comments?post=113330"}],"version-history":[{"count":0,"href":"https:\/\/www.europesays.com\/se\/wp-json\/wp\/v2\/posts\/113330\/revisions"}],"wp:featuredmedia":[{"embeddable":true,"href":"https:\/\/www.europesays.com\/se\/wp-json\/wp\/v2\/media\/41308"}],"wp:attachment":[{"href":"https:\/\/www.europesays.com\/se\/wp-json\/wp\/v2\/media?parent=113330"}],"wp:term":[{"taxonomy":"category","embeddable":true,"href":"https:\/\/www.europesays.com\/se\/wp-json\/wp\/v2\/categories?post=113330"},{"taxonomy":"post_tag","embeddable":true,"href":"https:\/\/www.europesays.com\/se\/wp-json\/wp\/v2\/tags?post=113330"}],"curies":[{"name":"wp","href":"https:\/\/api.w.org\/{rel}","templated":true}]}}