{"id":113331,"date":"2025-12-22T00:31:41","date_gmt":"2025-12-22T00:31:41","guid":{"rendered":"https:\/\/www.europesays.com\/se\/113331\/"},"modified":"2025-12-22T00:31:41","modified_gmt":"2025-12-22T00:31:41","slug":"varfor-omyndigforklarar-liberalerna-svenska-foraldrar","status":"publish","type":"post","link":"https:\/\/www.europesays.com\/se\/113331\/","title":{"rendered":"Varf\u00f6r omyndigf\u00f6rklarar Liberalerna svenska f\u00f6r\u00e4ldrar?"},"content":{"rendered":"<p>Debatt  <strong>Viktigt med flexibilitet i f\u00f6r\u00e4ldraf\u00f6rs\u00e4kringen, skriver Kristdemokraternas ungdomsf\u00f6rbund.\u00a0<\/strong><\/p>\n<p style=\"font-weight: 400;\">P\u00e5 Liberalernas landsm\u00f6te k\u00f6rde ombuden \u00f6ver partistyrelsen och bif\u00f6ll f\u00f6rslaget om inf\u00f6randet av en fj\u00e4rde kvoterad m\u00e5nad i f\u00f6r\u00e4ldraf\u00f6rs\u00e4kringen, ivrigt p\u00e5hejade av s\u00e5v\u00e4l kvinnof\u00f6rbundet som ungdomsf\u00f6rbundet. F\u00f6rslaget beskrivs som en j\u00e4mst\u00e4lldhetsvinst, men \u00e4r ytterligare ett politiskt \u00f6vertramp i vad staten tycker sig kunna best\u00e4mma \u00f6ver familjen.\u00a0KDU\u00a0s\u00e4ger nej till inf\u00f6randet av en fj\u00e4rde pappam\u00e5nad och vill ist\u00e4llet g\u00f6ra f\u00f6r\u00e4ldraf\u00f6rs\u00e4kringen helt fri.<\/p>\n<p>Viktigt med<\/p>\n<p style=\"font-weight: 400;\">Det finns lika m\u00e5nga olika f\u00f6ruts\u00e4ttningar och behov att beakta vid f\u00f6rdelningen av f\u00f6r\u00e4ldraledighet som det finns familjer i Sverige. I vissa familjer finns det tv\u00e5 inkomster att f\u00f6rlita sig p\u00e5, i andra familjer \u00e4r l\u00e4get det motsatta. Vissa f\u00f6r\u00e4ldrar arbetar deltid eller obekv\u00e4ma tider, medan vissa har vanliga kontorstider. D\u00e4rf\u00f6r \u00e4r det viktigt att f\u00f6r\u00e4ldraf\u00f6rs\u00e4kringen \u00e4r flexibel, s\u00e4rskilt f\u00f6r de ensamst\u00e5ende som inte saknar ett stort n\u00e4tverk med familj och v\u00e4nner runt om som kan avlasta och hj\u00e4lpa till. Att tro att politiken magiskt skulle kunna konstruera en l\u00f6sning f\u00f6r alla f\u00f6r\u00e4ldrar \u00e4r b\u00e5de naivt och skadligt. Resultatet fr\u00e5n tidigare kvoteringar \u00e4r tydligt \u2013 uttaget har inte blivit mer j\u00e4mst\u00e4llt, utan inneburit att\u00a0<a href=\"https:\/\/isf.se\/download\/18.70e0ef5517dc2b2a6614c07\/1639734318351\/Rapport%202021-12%20Pappor%20som%20inte%20anv%C3%A4nder%20f%C3%B6r%C3%A4ldrapenningen.pdf\" rel=\"nofollow noopener\" target=\"_blank\">f\u00f6r\u00e4ldradagar har brunnit inne och att den andra partnern stannat hemma utan ers\u00e4ttning<\/a>.<\/p>\n<p style=\"font-weight: 400;\">Statens makt \u00e4r som mest v\u00e4lgrundad n\u00e4r den ut\u00f6vas med insikt om vad m\u00e4nniskor kan sk\u00f6ta sj\u00e4lva \u2013 och n\u00e4r staten samtidigt f\u00f6rst\u00e5r var dess egen kontroll b\u00f6r upph\u00f6ra. Kl\u00e5fingrighet i f\u00f6r\u00e4ldraf\u00f6rs\u00e4kringen \u00e4r kanske det tydligaste exemplet p\u00e5 n\u00e4r subsidiariteten har satts ur spel. Det finns inte n\u00e5gon politiker, myndighet eller tj\u00e4nsteman som vet b\u00e4ttre \u00e4n f\u00f6r\u00e4ldrarna sj\u00e4lva vad som fungerar b\u00e4st i deras vardag. Det finns inte ett enda system som tillgodoser den m\u00e5ngfald av behov och f\u00f6ruts\u00e4ttningar som inryms i familjers komplexa vardagsliv \u2013 f\u00f6rutom det system som ger all makt till f\u00f6r\u00e4ldrarna.\u00a0KDU\u00a0litar p\u00e5 att svenska f\u00f6r\u00e4ldrar \u00e4r kapabla till att fatta rationella och praktiskt fungerande beslut p\u00e5 egen hand, utan politiska pekpinnar eller kl\u00e5fingrighet. Vem som ska vara hemma n\u00e4r ska beslutas om vid k\u00f6ksbordet, inte av kl\u00e5fingriga liberaler.<\/p>\n<p><strong>H\u00f6j inkomsttaket<\/strong><\/p>\n<p style=\"font-weight: 400;\">Regeringen, med\u00a0KD\u00a0i spetsen, har gjort flera betydelsefulla reformer f\u00f6r att st\u00e4rka familjens valfrihet, men ocks\u00e5 m\u00f6jligg\u00f6ra ett mer flexibelt och j\u00e4mst\u00e4llt uttag av f\u00f6r\u00e4ldraf\u00f6rs\u00e4kringen. Bland dessa utm\u00e4rker sig dubblerat antal dubbeldagar och m\u00f6jligheten att \u00f6verl\u00e5ta dagar till n\u00e4rst\u00e5ende. Vill man ge ytterligare goda m\u00f6jligheter till ett friare uttag d\u00e4r ekonomiska aspekter inte hindrar f\u00f6r\u00e4ldrar fr\u00e5n att vara hemma med sina barn b\u00f6r man ocks\u00e5 h\u00f6ja inkomsttaket i f\u00f6r\u00e4ldraf\u00f6rs\u00e4kringen. Syftet \u00e4r inte att f\u00f6r\u00e4ldraf\u00f6rs\u00e4kringen ska vara ett j\u00e4mst\u00e4lldhetspolitiskt instrument, utan n\u00e5got s\u00e5 enkelt och viktigt som att l\u00e5ta f\u00f6r\u00e4ldrar f\u00e5 vara hemma med sina barn. En helt fri f\u00f6r\u00e4ldraf\u00f6rs\u00e4kring med verklig valfrihet och flexibilitet b\u00f6r vara m\u00e5let, inte ett helt j\u00e4mst\u00e4llt uttag mellan k\u00f6nen.<\/p>\n<p style=\"font-weight: 400;\">Familjen \u00e4r samh\u00e4llets minsta och mest betydelsefulla enhet. Det \u00e4r i familjen ett barn f\u00e5r m\u00f6ta sin f\u00f6rsta naturliga gemenskap och i m\u00e5nga fall \u2013 den enda som best\u00e5r livet ut. Det \u00e4r genom trygga familjer som trygga samh\u00e4llsmedborgare och medm\u00e4nniskor formas, d\u00e4r goda v\u00e4rderingar g\u00e5r i arv genom kravl\u00f6s k\u00e4rlek och k\u00e4rleksfulla krav. Politikens roll m\u00e5ste alltid vara att st\u00f6tta familjen, inte att styra den.<\/p>\n<p style=\"font-weight: 400;\"><strong>Max Pelin, <\/strong>vice f\u00f6rbundsordf\u00f6rande\u00a0KDU\u00a0Sverige<\/p>\n<p style=\"font-weight: 400;\"><strong>Matilda Anttonen, <\/strong>familjepolitisk talesperson\u00a0KDU\u00a0Sverige<\/p>\n","protected":false},"excerpt":{"rendered":"Debatt Viktigt med flexibilitet i f\u00f6r\u00e4ldraf\u00f6rs\u00e4kringen, skriver Kristdemokraternas ungdomsf\u00f6rbund.\u00a0 P\u00e5 Liberalernas landsm\u00f6te k\u00f6rde ombuden \u00f6ver partistyrelsen och bif\u00f6ll&hellip;\n","protected":false},"author":2,"featured_media":113332,"comment_status":"","ping_status":"","sticky":false,"template":"","format":"standard","meta":{"footnotes":""},"categories":[12],"tags":[22,23,26,27,17,21,24,25,28,29,15,16,18,34,31,33,32,30,19,20],"class_list":{"0":"post-113331","1":"post","2":"type-post","3":"status-publish","4":"format-standard","5":"has-post-thumbnail","7":"category-sverige","8":"tag-breaking-news","9":"tag-breakingnews","10":"tag-featured-news","11":"tag-featurednews","12":"tag-headlines","13":"tag-huvudnyheter","14":"tag-latest-news","15":"tag-latestnews","16":"tag-main-news","17":"tag-mainnews","18":"tag-news","19":"tag-nyheter","20":"tag-rubriker","21":"tag-se","22":"tag-svenska","23":"tag-sverige","24":"tag-sweden","25":"tag-swedish","26":"tag-top-stories","27":"tag-topstories"},"share_on_mastodon":{"url":"https:\/\/pubeurope.com\/@se\/115760403799100323","error":""},"_links":{"self":[{"href":"https:\/\/www.europesays.com\/se\/wp-json\/wp\/v2\/posts\/113331","targetHints":{"allow":["GET"]}}],"collection":[{"href":"https:\/\/www.europesays.com\/se\/wp-json\/wp\/v2\/posts"}],"about":[{"href":"https:\/\/www.europesays.com\/se\/wp-json\/wp\/v2\/types\/post"}],"author":[{"embeddable":true,"href":"https:\/\/www.europesays.com\/se\/wp-json\/wp\/v2\/users\/2"}],"replies":[{"embeddable":true,"href":"https:\/\/www.europesays.com\/se\/wp-json\/wp\/v2\/comments?post=113331"}],"version-history":[{"count":0,"href":"https:\/\/www.europesays.com\/se\/wp-json\/wp\/v2\/posts\/113331\/revisions"}],"wp:featuredmedia":[{"embeddable":true,"href":"https:\/\/www.europesays.com\/se\/wp-json\/wp\/v2\/media\/113332"}],"wp:attachment":[{"href":"https:\/\/www.europesays.com\/se\/wp-json\/wp\/v2\/media?parent=113331"}],"wp:term":[{"taxonomy":"category","embeddable":true,"href":"https:\/\/www.europesays.com\/se\/wp-json\/wp\/v2\/categories?post=113331"},{"taxonomy":"post_tag","embeddable":true,"href":"https:\/\/www.europesays.com\/se\/wp-json\/wp\/v2\/tags?post=113331"}],"curies":[{"name":"wp","href":"https:\/\/api.w.org\/{rel}","templated":true}]}}